{"id":5226,"date":"2019-08-19T02:42:30","date_gmt":"2019-08-19T02:42:30","guid":{"rendered":"https:\/\/arroyitoonline.com.ar\/?p=5226"},"modified":"2019-08-19T02:42:33","modified_gmt":"2019-08-19T02:42:33","slug":"se-vienen-dos-nuevos-cursos-de-la-universidad-popular","status":"publish","type":"post","link":"https:\/\/arroyitoonline.com.ar\/?p=5226","title":{"rendered":"Se vienen dos nuevos cursos de la Universidad Popular"},"content":{"rendered":"\n<p><strong>Las inscripciones se abren este martes 20, en la oficina municipal de Empleo. <\/strong><\/p>\n\n\n\n<p>En los pr\u00f3ximos d\u00edas dar\u00e1n inicio dos nuevos cursos pertenecientes a la Universidad Popular sede Arroyito:<\/p>\n\n\n\n<p><strong>\u201cEl Teatro como encuentro social\u201d.<\/strong><\/p>\n\n\n\n<p>Duraci\u00f3n: cuatro (4) encuentros, de tres horas cada uno.<\/p>\n\n\n\n<p>Taller dirigido al p\u00fablico en general, interesado en la tem\u00e1tica. Se brindaran herramientas que permitan que se vivencien diferentes estrategias, t\u00e9cnicas teatrales y musicales en funci\u00f3n de que se enriquezca la comunicaci\u00f3n en los diferentes grupos.\u00a0<\/p>\n\n\n\n<p>Generaci\u00f3n de un espacio de encuentro social en el cual puedan compartir experiencias de sus pr\u00e1cticas, estrechar lazos entre ellos y animarse a romper viejos arqueotipos que surjan del an\u00e1lisis sobre dichas pr\u00e1cticas con los alumnos.<\/p>\n\n\n\n<p><strong>\u201cManipulaci\u00f3n Segura de los Alimentos\u201d.<\/strong><\/p>\n\n\n\n<p>Duraci\u00f3n: cinco (5) encuentros, de dos horas y media cada uno.<\/p>\n\n\n\n<p>Curso destinado a la formaci\u00f3n de personas que realicen actividades por las cuales est\u00e9n o pudieran estar en contacto con alimentos, en establecimientos donde se elaboren, fracciones, almacenen, transporten y\/o\u00a0comercialicen alimentos, o sus materias primas, con la finalidad de que se acrediten conocimientos y competencias de la manipulaci\u00f3n segura de alimentos.<\/p>\n\n\n\n<p><strong>Inscripciones abiertas del martes 20 al viernes 30 de agosto\u00a0en la oficina municipal de Empleo -avenida Illia 360-.<\/strong><\/p>\n\n\n\n<p><strong>Los\u00a0cupos\u00a0son\u00a0limitados.\u00a0<\/strong><\/p>\n\n\n\n<p>Fuente: Prensa Municipal. <\/p>\n\n\n\n<p>Imagen solo a modo ilustrativo.<\/p>\n","protected":false},"excerpt":{"rendered":"<p>Las inscripciones se abren este martes 20, en la oficina municipal de Empleo. En los pr\u00f3ximos d\u00edas dar\u00e1n inicio dos&hellip;<\/p>\n","protected":false},"author":3,"featured_media":5227,"comment_status":"closed","ping_status":"open","sticky":false,"template":"","format":"standard","meta":{"footnotes":""},"categories":[830],"tags":[66,67,836,153,265,572,580,1015,907],"class_list":["post-5226","post","type-post","status-publish","format-standard","has-post-thumbnail","hentry","category-educacion-online","tag-arroyito","tag-arroyito-cordoba","tag-arroyito-online","tag-capacitacion","tag-curso","tag-noticias-de-arroyito-y-zona","tag-oficina-de-empleo","tag-talle","tag-universidad-popular"],"_links":{"self":[{"href":"https:\/\/arroyitoonline.com.ar\/index.php?rest_route=\/wp\/v2\/posts\/5226","targetHints":{"allow":["GET"]}}],"collection":[{"href":"https:\/\/arroyitoonline.com.ar\/index.php?rest_route=\/wp\/v2\/posts"}],"about":[{"href":"https:\/\/arroyitoonline.com.ar\/index.php?rest_route=\/wp\/v2\/types\/post"}],"author":[{"embeddable":true,"href":"https:\/\/arroyitoonline.com.ar\/index.php?rest_route=\/wp\/v2\/users\/3"}],"replies":[{"embeddable":true,"href":"https:\/\/arroyitoonline.com.ar\/index.php?rest_route=%2Fwp%2Fv2%2Fcomments&post=5226"}],"version-history":[{"count":1,"href":"https:\/\/arroyitoonline.com.ar\/index.php?rest_route=\/wp\/v2\/posts\/5226\/revisions"}],"predecessor-version":[{"id":5228,"href":"https:\/\/arroyitoonline.com.ar\/index.php?rest_route=\/wp\/v2\/posts\/5226\/revisions\/5228"}],"wp:featuredmedia":[{"embeddable":true,"href":"https:\/\/arroyitoonline.com.ar\/index.php?rest_route=\/wp\/v2\/media\/5227"}],"wp:attachment":[{"href":"https:\/\/arroyitoonline.com.ar\/index.php?rest_route=%2Fwp%2Fv2%2Fmedia&parent=5226"}],"wp:term":[{"taxonomy":"category","embeddable":true,"href":"https:\/\/arroyitoonline.com.ar\/index.php?rest_route=%2Fwp%2Fv2%2Fcategories&post=5226"},{"taxonomy":"post_tag","embeddable":true,"href":"https:\/\/arroyitoonline.com.ar\/index.php?rest_route=%2Fwp%2Fv2%2Ftags&post=5226"}],"curies":[{"name":"wp","href":"https:\/\/api.w.org\/{rel}","templated":true}]}}