{"id":5230,"date":"2019-08-19T12:24:22","date_gmt":"2019-08-19T12:24:22","guid":{"rendered":"https:\/\/arroyitoonline.com.ar\/?p=5230"},"modified":"2019-08-19T12:27:54","modified_gmt":"2019-08-19T12:27:54","slug":"la-policia-detuvo-a-un-hombre-que-tenia-pedido-de-captura","status":"publish","type":"post","link":"https:\/\/arroyitoonline.com.ar\/?p=5230","title":{"rendered":"La Polic\u00eda detuvo a un hombre que ten\u00eda pedido de captura"},"content":{"rendered":"\n<p><strong>El sujeto\nde 55 a\u00f1os, que ten\u00eda pedido de captura en Gualeguaych\u00fa, qued\u00f3 alojado en la\nComisar\u00eda local. <\/strong><\/p>\n\n\n\n<p>El viernes a las 20:00 horas, mientras personal\nde Investigaciones de la Polic\u00eda realizaba patrullaje en un veh\u00edculo no\nidentificable, a la altura de la intersecci\u00f3n de las avenidas Illia y Mariano\nMoreno, control\u00f3 a un masculino quien, al consultarlo, presentaba pedido de\ncaptura. <\/p>\n\n\n\n<p>El hombre fue trasladado a la Comisar\u00eda Distrito Arroyito e identificado de manera correcta. Tiene 55 a\u00f1os y domicilio en nuestra ciudad. Presenta pedido de captura, por parte del Tribunal de Gualeguaych\u00fa (Entre R\u00edos) y, por ese motivo, qued\u00f3 alojado en la dependencia policial local.<\/p>\n\n\n\n<p>Fuente: informe de la oficial Principal Jesica Paz, a cargo de la Base Operativa Sur Suboficial Principal Gustavo Carlos D\u00edaz. <\/p>\n","protected":false},"excerpt":{"rendered":"<p>El sujeto de 55 a\u00f1os, que ten\u00eda pedido de captura en Gualeguaych\u00fa, qued\u00f3 alojado en la Comisar\u00eda local. El viernes&hellip;<\/p>\n","protected":false},"author":3,"featured_media":2730,"comment_status":"closed","ping_status":"open","sticky":false,"template":"","format":"standard","meta":{"footnotes":""},"categories":[824],"tags":[66,67,836,572,635,637,638,825],"class_list":["post-5230","post","type-post","status-publish","format-standard","has-post-thumbnail","hentry","category-policiales-online","tag-arroyito","tag-arroyito-cordoba","tag-arroyito-online","tag-noticias-de-arroyito-y-zona","tag-policia","tag-policiales","tag-policiales-arroyito","tag-policiales-online"],"_links":{"self":[{"href":"https:\/\/arroyitoonline.com.ar\/index.php?rest_route=\/wp\/v2\/posts\/5230","targetHints":{"allow":["GET"]}}],"collection":[{"href":"https:\/\/arroyitoonline.com.ar\/index.php?rest_route=\/wp\/v2\/posts"}],"about":[{"href":"https:\/\/arroyitoonline.com.ar\/index.php?rest_route=\/wp\/v2\/types\/post"}],"author":[{"embeddable":true,"href":"https:\/\/arroyitoonline.com.ar\/index.php?rest_route=\/wp\/v2\/users\/3"}],"replies":[{"embeddable":true,"href":"https:\/\/arroyitoonline.com.ar\/index.php?rest_route=%2Fwp%2Fv2%2Fcomments&post=5230"}],"version-history":[{"count":2,"href":"https:\/\/arroyitoonline.com.ar\/index.php?rest_route=\/wp\/v2\/posts\/5230\/revisions"}],"predecessor-version":[{"id":5232,"href":"https:\/\/arroyitoonline.com.ar\/index.php?rest_route=\/wp\/v2\/posts\/5230\/revisions\/5232"}],"wp:featuredmedia":[{"embeddable":true,"href":"https:\/\/arroyitoonline.com.ar\/index.php?rest_route=\/wp\/v2\/media\/2730"}],"wp:attachment":[{"href":"https:\/\/arroyitoonline.com.ar\/index.php?rest_route=%2Fwp%2Fv2%2Fmedia&parent=5230"}],"wp:term":[{"taxonomy":"category","embeddable":true,"href":"https:\/\/arroyitoonline.com.ar\/index.php?rest_route=%2Fwp%2Fv2%2Fcategories&post=5230"},{"taxonomy":"post_tag","embeddable":true,"href":"https:\/\/arroyitoonline.com.ar\/index.php?rest_route=%2Fwp%2Fv2%2Ftags&post=5230"}],"curies":[{"name":"wp","href":"https:\/\/api.w.org\/{rel}","templated":true}]}}