{"id":5233,"date":"2019-08-19T13:58:13","date_gmt":"2019-08-19T13:58:13","guid":{"rendered":"https:\/\/arroyitoonline.com.ar\/?p=5233"},"modified":"2019-08-19T13:58:14","modified_gmt":"2019-08-19T13:58:14","slug":"se-viene-la-gran-fiesta-del-dia-del-nino-2019","status":"publish","type":"post","link":"https:\/\/arroyitoonline.com.ar\/?p=5233","title":{"rendered":"Se viene la gran fiesta del D\u00eda del Ni\u00f1o 2019"},"content":{"rendered":"\n<p><strong>El domingo desde las 14:30 horas, la Plaza 25 de Mayo ser\u00e1 sede de este evento. <\/strong><\/p>\n\n\n\n<p>Este domingo 25 de agosto, en la Plaza 25 de Mayo, el Municipio, a trav\u00e9s del Centro de Apoyo al Ni\u00f1o y la Familia Virgen Ni\u00f1a y los centros vecinales, realizar\u00e1 la gran fiesta del D\u00eda del Ni\u00f1o 2019.<\/p>\n\n\n\n<p>A partir de las 14:30 horas se desarrollar\u00e1 este evento anual que contar\u00e1 con animaci\u00f3n, m\u00fasica, la entrega de vouchers a todos los chicos, con los cuales podr\u00e1n retirar gaseosas, facturas, golosinas y entradas para los castillos inflables y el sorteo de m\u00e1s de 20 bicicletas e innumerables premios.<\/p>\n\n\n\n<figure class=\"wp-block-image\"><img loading=\"lazy\" decoding=\"async\" width=\"1024\" height=\"682\" src=\"https:\/\/arroyitoonline.com.ar\/wp-content\/uploads\/2019\/08\/fiesta-d\u00eda-del-ni\u00f1o-1024x682.jpg\" alt=\"\" class=\"wp-image-5235\" srcset=\"https:\/\/arroyitoonline.com.ar\/wp-content\/uploads\/2019\/08\/fiesta-d\u00eda-del-ni\u00f1o-1024x682.jpg 1024w, https:\/\/arroyitoonline.com.ar\/wp-content\/uploads\/2019\/08\/fiesta-d\u00eda-del-ni\u00f1o-300x200.jpg 300w, https:\/\/arroyitoonline.com.ar\/wp-content\/uploads\/2019\/08\/fiesta-d\u00eda-del-ni\u00f1o-768x511.jpg 768w, https:\/\/arroyitoonline.com.ar\/wp-content\/uploads\/2019\/08\/fiesta-d\u00eda-del-ni\u00f1o.jpg 1200w\" sizes=\"auto, (max-width: 1024px) 100vw, 1024px\" \/><figcaption><em>La invitaci\u00f3n a la fiesta<\/em><\/figcaption><\/figure>\n\n\n\n<p>La fiesta contar\u00e1 con la alegr\u00eda, color y animaci\u00f3n de\u00a0payasitas y personajes infantiles a cargo de los alumnos de la escuela Dr. Dalmacio V\u00e9lez Sarsfield.<\/p>\n\n\n\n<p>Tambi\u00e9n participar\u00e1n la profesora-instructora Valeria Dagatti, quien presentar\u00e1 una clase de Zumba Kids, y los peque\u00f1os de la Academia de baile Pasi\u00f3n Latina, con una actuaci\u00f3n coreogr\u00e1fica. <\/p>\n\n\n\n<p>Adem\u00e1s, Frikicon, organizaci\u00f3n creada por fans de c\u00f3mics, anim\u00e9 y video juegos, har\u00e1 una performance. <\/p>\n\n\n\n<p>En paralelo, sobre la calle V\u00e9lez S\u00e1rsfield, habr\u00e1 actividades deportivas varias a cargo de la direcci\u00f3n de Deportes del Polideportivo Municipal. Se suma al evento, Padres en Acci\u00f3n, con maquillaje art\u00edstico.<\/p>\n\n\n\n<p>Por su parte, desde las 16:00 horas, se presentar\u00e1 el show teatral de Alhel\u00ed, una payasa feliz, quien agasajar\u00e1 a todos los ni\u00f1os y p\u00fablico en general, con su desopilante actuaci\u00f3n.<\/p>\n\n\n\n<p>Desde la organizaci\u00f3n invitan a todos los chicos a que participen de la fiesta.<\/p>\n\n\n\n<p>Fuente: Prensa Municipal. <\/p>\n","protected":false},"excerpt":{"rendered":"<p>El domingo desde las 14:30 horas, la Plaza 25 de Mayo ser\u00e1 sede de este evento. Este domingo 25 de&hellip;<\/p>\n","protected":false},"author":3,"featured_media":5234,"comment_status":"closed","ping_status":"open","sticky":false,"template":"","format":"standard","meta":{"footnotes":""},"categories":[962],"tags":[66,67,836,170,409,570,572],"class_list":["post-5233","post","type-post","status-publish","format-standard","has-post-thumbnail","hentry","category-ninez-y-adolescencia","tag-arroyito","tag-arroyito-cordoba","tag-arroyito-online","tag-centro-de-apoyo-al-nino-y-la-familia","tag-guarderia-virgen-nina","tag-ninez","tag-noticias-de-arroyito-y-zona"],"_links":{"self":[{"href":"https:\/\/arroyitoonline.com.ar\/index.php?rest_route=\/wp\/v2\/posts\/5233","targetHints":{"allow":["GET"]}}],"collection":[{"href":"https:\/\/arroyitoonline.com.ar\/index.php?rest_route=\/wp\/v2\/posts"}],"about":[{"href":"https:\/\/arroyitoonline.com.ar\/index.php?rest_route=\/wp\/v2\/types\/post"}],"author":[{"embeddable":true,"href":"https:\/\/arroyitoonline.com.ar\/index.php?rest_route=\/wp\/v2\/users\/3"}],"replies":[{"embeddable":true,"href":"https:\/\/arroyitoonline.com.ar\/index.php?rest_route=%2Fwp%2Fv2%2Fcomments&post=5233"}],"version-history":[{"count":1,"href":"https:\/\/arroyitoonline.com.ar\/index.php?rest_route=\/wp\/v2\/posts\/5233\/revisions"}],"predecessor-version":[{"id":5236,"href":"https:\/\/arroyitoonline.com.ar\/index.php?rest_route=\/wp\/v2\/posts\/5233\/revisions\/5236"}],"wp:featuredmedia":[{"embeddable":true,"href":"https:\/\/arroyitoonline.com.ar\/index.php?rest_route=\/wp\/v2\/media\/5234"}],"wp:attachment":[{"href":"https:\/\/arroyitoonline.com.ar\/index.php?rest_route=%2Fwp%2Fv2%2Fmedia&parent=5233"}],"wp:term":[{"taxonomy":"category","embeddable":true,"href":"https:\/\/arroyitoonline.com.ar\/index.php?rest_route=%2Fwp%2Fv2%2Fcategories&post=5233"},{"taxonomy":"post_tag","embeddable":true,"href":"https:\/\/arroyitoonline.com.ar\/index.php?rest_route=%2Fwp%2Fv2%2Ftags&post=5233"}],"curies":[{"name":"wp","href":"https:\/\/api.w.org\/{rel}","templated":true}]}}