{"id":5237,"date":"2019-08-19T16:24:39","date_gmt":"2019-08-19T16:24:39","guid":{"rendered":"https:\/\/arroyitoonline.com.ar\/?p=5237"},"modified":"2019-08-19T17:07:10","modified_gmt":"2019-08-19T17:07:10","slug":"exclusivo-lafarina-explico-los-planes-de-viviendas-que-promete-si-llega-a-la-intendencia","status":"publish","type":"post","link":"https:\/\/arroyitoonline.com.ar\/?p=5237","title":{"rendered":"Exclusivo: Lafarina explic\u00f3 los Planes de Viviendas que promete si llega a la intendencia"},"content":{"rendered":"\n<p><strong>La f\u00f3rmula oficialista presentar\u00e1, este mi\u00e9rcoles a las 20:30 horas en el Club de Abuelos, los Programas Mi Hogar-Mi Sue\u00f1o.<\/strong><\/p>\n\n\n\n<p>Este mi\u00e9rcoles 31 desde las 20:30 horas, en el sal\u00f3n del Club de Abuelos de Arroyito, los candidatos a intendente y vice oficialistas, Daniel Lafarina y Viviana Vercelli, ampliar\u00e1n uno de los ejes de sus promesas de campa\u00f1a.<\/p>\n\n\n\n<p>Se trata de dos programas de construcci\u00f3n de viviendas municipales, que contemplan soluciones habitacionales para 600 familias locales, cuya ejecuci\u00f3n finalizar\u00eda en el plazo de 12 a\u00f1os.<\/p>\n\n\n\n<p>En las \u00faltimas horas, desde<strong> Arroyito Online<\/strong> tuvimos acceso a los detalles de estos planes, de boca de su autor, quien dio m\u00e1s informaci\u00f3n como adelanto de la presentaci\u00f3n. <\/p>\n\n\n\n<p><strong>Programa Mi Sue\u00f1o<\/strong><\/p>\n\n\n\n<p>Incluye una vivienda de 35 metros cuadrados de superficie, en lote de 140 metros cuadrados; con cocina comedor, ba\u00f1o, un dormitorio, pisos cer\u00e1micos, aberturas de aluminio, terminaci\u00f3n con revoque fino, instalaciones de agua fr\u00eda y caliente, gas, electricidad, televisi\u00f3n por cable y aire acondicionado. Lista para habitarse, llave en mano.<\/p>\n\n\n\n<figure class=\"wp-block-image\"><img loading=\"lazy\" decoding=\"async\" width=\"800\" height=\"450\" src=\"https:\/\/arroyitoonline.com.ar\/wp-content\/uploads\/2019\/08\/plan-viviendas-mi-hogar-mi-sue\u00f1o-2.jpg\" alt=\"\" class=\"wp-image-5240\" srcset=\"https:\/\/arroyitoonline.com.ar\/wp-content\/uploads\/2019\/08\/plan-viviendas-mi-hogar-mi-sue\u00f1o-2.jpg 800w, https:\/\/arroyitoonline.com.ar\/wp-content\/uploads\/2019\/08\/plan-viviendas-mi-hogar-mi-sue\u00f1o-2-300x169.jpg 300w, https:\/\/arroyitoonline.com.ar\/wp-content\/uploads\/2019\/08\/plan-viviendas-mi-hogar-mi-sue\u00f1o-2-768x432.jpg 768w\" sizes=\"auto, (max-width: 800px) 100vw, 800px\" \/><figcaption><em>As\u00ed ser\u00e1n las viviendas de los Planes Mi Hogar Mi Sue\u00f1o<\/em> <\/figcaption><\/figure>\n\n\n\n<p><strong>Plan Mi Hogar<\/strong><\/p>\n\n\n\n<p>Incluye una casa de 60 metros de cuadrados de superficie, en terreno de 200 metros cuadrados; con dos dormitorios, living comedor, cocina, ba\u00f1o, pisos cer\u00e1micos, aberturas de aluminio, terminaci\u00f3n con revoque fino, instalaciones de agua fr\u00eda y caliente, gas, electricidad, televisi\u00f3n por cable y aire acondicionado. Lista para habitarse, llave en mano.<\/p>\n\n\n\n<figure class=\"wp-block-image\"><img loading=\"lazy\" decoding=\"async\" width=\"800\" height=\"450\" src=\"https:\/\/arroyitoonline.com.ar\/wp-content\/uploads\/2019\/08\/plan-viviendas-mi-hogar-mi-sue\u00f1o.jpg\" alt=\"\" class=\"wp-image-5239\" srcset=\"https:\/\/arroyitoonline.com.ar\/wp-content\/uploads\/2019\/08\/plan-viviendas-mi-hogar-mi-sue\u00f1o.jpg 800w, https:\/\/arroyitoonline.com.ar\/wp-content\/uploads\/2019\/08\/plan-viviendas-mi-hogar-mi-sue\u00f1o-300x169.jpg 300w, https:\/\/arroyitoonline.com.ar\/wp-content\/uploads\/2019\/08\/plan-viviendas-mi-hogar-mi-sue\u00f1o-768x432.jpg 768w\" sizes=\"auto, (max-width: 800px) 100vw, 800px\" \/><figcaption><em>As\u00ed ser\u00e1n las viviendas de los Planes Mi Hogar Mi Sue\u00f1o<\/em><\/figcaption><\/figure>\n\n\n\n<p><em>&#8220;Se contempla hacerlo en 12 a\u00f1os, con un aporte municipal al principio para la compra de los terrenos y en motorizar la construcci\u00f3n, pero va a sustentarse 100% con los aportes de la gente. Hay compromisos con Arcor para seguir comprando tierras, pero la empresa le vende a quien hace casas y hay otras posibles compras, que no queremos decirlas, porque cuando digamos que la Municipalidad va a hacer un barrio aumenta el valor de la tierra, porque dota de infraestructura para los barrios y otorga los loteos&#8221;<\/em>, finaliz\u00f3 el Lafarina sobre esta propuesta.<\/p>\n","protected":false},"excerpt":{"rendered":"<p>La f\u00f3rmula oficialista presentar\u00e1, este mi\u00e9rcoles a las 20:30 horas en el Club de Abuelos, los Programas Mi Hogar-Mi Sue\u00f1o.&hellip;<\/p>\n","protected":false},"author":3,"featured_media":5241,"comment_status":"closed","ping_status":"open","sticky":false,"template":"","format":"standard","meta":{"footnotes":""},"categories":[8],"tags":[13,66,67,836,318,837,572,578,969,813],"class_list":["post-5237","post","type-post","status-publish","format-standard","has-post-thumbnail","hentry","category-politica","tag-13","tag-arroyito","tag-arroyito-cordoba","tag-arroyito-online","tag-elecciones","tag-lafarina","tag-noticias-de-arroyito-y-zona","tag-obras-publicas","tag-vercelli","tag-viviendas"],"_links":{"self":[{"href":"https:\/\/arroyitoonline.com.ar\/index.php?rest_route=\/wp\/v2\/posts\/5237","targetHints":{"allow":["GET"]}}],"collection":[{"href":"https:\/\/arroyitoonline.com.ar\/index.php?rest_route=\/wp\/v2\/posts"}],"about":[{"href":"https:\/\/arroyitoonline.com.ar\/index.php?rest_route=\/wp\/v2\/types\/post"}],"author":[{"embeddable":true,"href":"https:\/\/arroyitoonline.com.ar\/index.php?rest_route=\/wp\/v2\/users\/3"}],"replies":[{"embeddable":true,"href":"https:\/\/arroyitoonline.com.ar\/index.php?rest_route=%2Fwp%2Fv2%2Fcomments&post=5237"}],"version-history":[{"count":7,"href":"https:\/\/arroyitoonline.com.ar\/index.php?rest_route=\/wp\/v2\/posts\/5237\/revisions"}],"predecessor-version":[{"id":5248,"href":"https:\/\/arroyitoonline.com.ar\/index.php?rest_route=\/wp\/v2\/posts\/5237\/revisions\/5248"}],"wp:featuredmedia":[{"embeddable":true,"href":"https:\/\/arroyitoonline.com.ar\/index.php?rest_route=\/wp\/v2\/media\/5241"}],"wp:attachment":[{"href":"https:\/\/arroyitoonline.com.ar\/index.php?rest_route=%2Fwp%2Fv2%2Fmedia&parent=5237"}],"wp:term":[{"taxonomy":"category","embeddable":true,"href":"https:\/\/arroyitoonline.com.ar\/index.php?rest_route=%2Fwp%2Fv2%2Fcategories&post=5237"},{"taxonomy":"post_tag","embeddable":true,"href":"https:\/\/arroyitoonline.com.ar\/index.php?rest_route=%2Fwp%2Fv2%2Ftags&post=5237"}],"curies":[{"name":"wp","href":"https:\/\/api.w.org\/{rel}","templated":true}]}}