{"id":5249,"date":"2019-08-20T14:36:54","date_gmt":"2019-08-20T14:36:54","guid":{"rendered":"https:\/\/arroyitoonline.com.ar\/?p=5249"},"modified":"2019-08-20T14:36:56","modified_gmt":"2019-08-20T14:36:56","slug":"paso-el-frente-de-todos-arroyito-presento-su-balance-de-campana","status":"publish","type":"post","link":"https:\/\/arroyitoonline.com.ar\/?p=5249","title":{"rendered":"PASO: El Frente de Todos Arroyito present\u00f3 su balance de campa\u00f1a"},"content":{"rendered":"\n<p><strong>El promedio de los ingresos y egresos de la agrupaci\u00f3n arroj\u00f3 un resultado positivo. Sus integrantes creen que, <\/strong><em><strong>&#8220;de esta manera, se est\u00e1 resguardando la democracia&#8221;<\/strong><\/em><strong>. <\/strong><\/p>\n\n\n\n<p>D\u00edas atr\u00e1s, referentes locales del Frente de Todos presentaron el balance econ\u00f3mico de campa\u00f1a correspondiente a las Elecciones Primarias Abiertas Simult\u00e1neas y Obligatorias (PASO) desarrolladas el domingo 11 de agosto pasado. <\/p>\n\n\n\n<p>La presentaci\u00f3n del promedio de ingresos y egresos de la agrupaci\u00f3n partidaria, que result\u00f3 favorable en $3643, fue realizada, seg\u00fan lo explic\u00f3 Maximiliano Serra a <strong>Arroyito Online<\/strong>, para <em>&#8220;fomentar la transparencia en la campa\u00f1a pol\u00edtica pensando en incentivar a los dem\u00e1s espacios pol\u00edticos para que se sumen a esta iniciativa pensando en las elecciones locales. De esta manera se esta resguardando la democracia&#8221;<\/em>.<\/p>\n\n\n\n<figure class=\"wp-block-image\"><img loading=\"lazy\" decoding=\"async\" width=\"1024\" height=\"576\" src=\"https:\/\/arroyitoonline.com.ar\/wp-content\/uploads\/2019\/08\/balance-gastos-campa\u00f1a-frente-de-todos-arroyito-1024x576.jpg\" alt=\"\" class=\"wp-image-5251\" srcset=\"https:\/\/arroyitoonline.com.ar\/wp-content\/uploads\/2019\/08\/balance-gastos-campa\u00f1a-frente-de-todos-arroyito-1024x576.jpg 1024w, https:\/\/arroyitoonline.com.ar\/wp-content\/uploads\/2019\/08\/balance-gastos-campa\u00f1a-frente-de-todos-arroyito-300x169.jpg 300w, https:\/\/arroyitoonline.com.ar\/wp-content\/uploads\/2019\/08\/balance-gastos-campa\u00f1a-frente-de-todos-arroyito-768x432.jpg 768w, https:\/\/arroyitoonline.com.ar\/wp-content\/uploads\/2019\/08\/balance-gastos-campa\u00f1a-frente-de-todos-arroyito.jpg 1708w\" sizes=\"auto, (max-width: 1024px) 100vw, 1024px\" \/><figcaption><em>El desglose de ingresos y egresos del Frente de Todos Arroyito<\/em><\/figcaption><\/figure>\n\n\n\n<p>Adem\u00e1s, remarcaron que qui\u00e9n est\u00e9 interesado en conocer detalles de los aportes, reflejados en las actas firmadas por todos los miembros del Frente, debe acercarse al local partidario ubicado sobre calle Mitre 342. <\/p>\n\n\n\n<p>Recordemos que el Frente de Todos (que llev\u00f3 a la f\u00f3rmula Alberto Fern\u00e1ndez-Cristina Fern\u00e1ndez) obtuvo en nuestra ciudad el segundo lugar de las preferencias en las PASO, con 3432 votos (22,10%), detr\u00e1s de Juntos por el Cambio (Mauricio Macri-Miguel Pichetto). <\/p>\n","protected":false},"excerpt":{"rendered":"<p>El promedio de los ingresos y egresos de la agrupaci\u00f3n arroj\u00f3 un resultado positivo. Sus integrantes creen que, &#8220;de esta&hellip;<\/p>\n","protected":false},"author":3,"featured_media":5250,"comment_status":"closed","ping_status":"open","sticky":false,"template":"","format":"standard","meta":{"footnotes":""},"categories":[8],"tags":[13,66,67,836,318,990,572,640],"class_list":["post-5249","post","type-post","status-publish","format-standard","has-post-thumbnail","hentry","category-politica","tag-13","tag-arroyito","tag-arroyito-cordoba","tag-arroyito-online","tag-elecciones","tag-frente-de-todos","tag-noticias-de-arroyito-y-zona","tag-politica"],"_links":{"self":[{"href":"https:\/\/arroyitoonline.com.ar\/index.php?rest_route=\/wp\/v2\/posts\/5249","targetHints":{"allow":["GET"]}}],"collection":[{"href":"https:\/\/arroyitoonline.com.ar\/index.php?rest_route=\/wp\/v2\/posts"}],"about":[{"href":"https:\/\/arroyitoonline.com.ar\/index.php?rest_route=\/wp\/v2\/types\/post"}],"author":[{"embeddable":true,"href":"https:\/\/arroyitoonline.com.ar\/index.php?rest_route=\/wp\/v2\/users\/3"}],"replies":[{"embeddable":true,"href":"https:\/\/arroyitoonline.com.ar\/index.php?rest_route=%2Fwp%2Fv2%2Fcomments&post=5249"}],"version-history":[{"count":1,"href":"https:\/\/arroyitoonline.com.ar\/index.php?rest_route=\/wp\/v2\/posts\/5249\/revisions"}],"predecessor-version":[{"id":5252,"href":"https:\/\/arroyitoonline.com.ar\/index.php?rest_route=\/wp\/v2\/posts\/5249\/revisions\/5252"}],"wp:featuredmedia":[{"embeddable":true,"href":"https:\/\/arroyitoonline.com.ar\/index.php?rest_route=\/wp\/v2\/media\/5250"}],"wp:attachment":[{"href":"https:\/\/arroyitoonline.com.ar\/index.php?rest_route=%2Fwp%2Fv2%2Fmedia&parent=5249"}],"wp:term":[{"taxonomy":"category","embeddable":true,"href":"https:\/\/arroyitoonline.com.ar\/index.php?rest_route=%2Fwp%2Fv2%2Fcategories&post=5249"},{"taxonomy":"post_tag","embeddable":true,"href":"https:\/\/arroyitoonline.com.ar\/index.php?rest_route=%2Fwp%2Fv2%2Ftags&post=5249"}],"curies":[{"name":"wp","href":"https:\/\/api.w.org\/{rel}","templated":true}]}}