{"id":5253,"date":"2019-08-20T16:37:41","date_gmt":"2019-08-20T16:37:41","guid":{"rendered":"https:\/\/arroyitoonline.com.ar\/?p=5253"},"modified":"2019-08-20T16:38:14","modified_gmt":"2019-08-20T16:38:14","slug":"el-alumno-velezano-marcelo-gigena-triunfa-en-el-mundo-bochofilo","status":"publish","type":"post","link":"https:\/\/arroyitoonline.com.ar\/?p=5253","title":{"rendered":"El alumno velezano Marcelo Gigena triunfa en el mundo boch\u00f3filo"},"content":{"rendered":"\n<p><strong>El joven, que defiende los colores del Deportivo y Cultural, integr\u00f3 el equipo competitivo sub 18 que particip\u00f3 del Provincial que se jug\u00f3 en R\u00edo Cuarto, donde obtuvo el subcampeonato.<\/strong><\/p>\n\n\n\n<p>Marcelo Gigena cursa el 5\u00ba A\u00f1o B de la Orientaci\u00f3n Econom\u00eda y\nAdministraci\u00f3n en la Escuela Dr. Dalmacio V\u00e9lez Sarsfield. Comenz\u00f3 la pr\u00e1ctica\nde bochas en el a\u00f1o 2016 en el Sportivo Bochin Club Arroyito.<\/p>\n\n\n\n<p>En sus inicios obtuvo 11 primeros lugares a nivel local, luego de lo cual comenz\u00f3 su participaci\u00f2n en torneos interasociativos e interprovinciales defendiendo los colores del Bochin, obteniendo el primer puesto en el Campeonato CDYCA [diciembre de 2016],&nbsp;primer lugar en el Campeonato Club Sociedad Italiana Villa del Rosario [julio de 2017] y el&nbsp;primer puesto en el Campeonato CDYCA. <\/p>\n\n\n\n<p>A fines de 2018 pas\u00f3 a defender los colores del Deportivo y\nCultural, donde sigui\u00f3 participando en distintos torneos obteniendo, en febrero\nde este a\u00f1o, el&nbsp;primer puesto en el Campeonato Club V\u00e9lez S\u00e1rsfield\nTr\u00e1nsito y el cuarto puesto en el Campeonato en el Club Sportivo Balnearia.<\/p>\n\n\n\n<p>Por su parte, en junio de 2019 fue convocado por la\nAsociaci\u00f3n de Bochas de Arroyito para que integre el equipo competitivo sub 18\nque compiti\u00f3 en el Torneo Provincial que se realizo en la ciudad de R\u00edo Cuarto\nlos d\u00edas 26, 27 y 28 de julio, obteniendo el subcampeonato.<\/p>\n\n\n\n<p><em>\u201cFelicitamos a Marcelo\npor su constancia y disciplina, lo alentamos porque, en la era de la tecnolog\u00eda,\nle inyecta sangre joven al mundo boch\u00f3filo de nuestra ciudad y la zona\u201d<\/em>, se\u00f1alaron desde la comunidad\neducativa velezana. <\/p>\n\n\n\n<p>Fuente y foto: Escuela Dr. Dalmacio V\u00e9lez Sarsfield. <\/p>\n","protected":false},"excerpt":{"rendered":"<p>El joven, que defiende los colores del Deportivo y Cultural, integr\u00f3 el equipo competitivo sub 18 que particip\u00f3 del Provincial&hellip;<\/p>\n","protected":false},"author":3,"featured_media":5254,"comment_status":"closed","ping_status":"open","sticky":false,"template":"","format":"standard","meta":{"footnotes":""},"categories":[3],"tags":[66,67,836,123,276,277,888,471,572],"class_list":["post-5253","post","type-post","status-publish","format-standard","has-post-thumbnail","hentry","category-infodeporte","tag-arroyito","tag-arroyito-cordoba","tag-arroyito-online","tag-bochas","tag-deporte","tag-deportes","tag-escuela-dr-dalmacio-velez-sarsfield","tag-jovenes","tag-noticias-de-arroyito-y-zona"],"_links":{"self":[{"href":"https:\/\/arroyitoonline.com.ar\/index.php?rest_route=\/wp\/v2\/posts\/5253","targetHints":{"allow":["GET"]}}],"collection":[{"href":"https:\/\/arroyitoonline.com.ar\/index.php?rest_route=\/wp\/v2\/posts"}],"about":[{"href":"https:\/\/arroyitoonline.com.ar\/index.php?rest_route=\/wp\/v2\/types\/post"}],"author":[{"embeddable":true,"href":"https:\/\/arroyitoonline.com.ar\/index.php?rest_route=\/wp\/v2\/users\/3"}],"replies":[{"embeddable":true,"href":"https:\/\/arroyitoonline.com.ar\/index.php?rest_route=%2Fwp%2Fv2%2Fcomments&post=5253"}],"version-history":[{"count":2,"href":"https:\/\/arroyitoonline.com.ar\/index.php?rest_route=\/wp\/v2\/posts\/5253\/revisions"}],"predecessor-version":[{"id":5256,"href":"https:\/\/arroyitoonline.com.ar\/index.php?rest_route=\/wp\/v2\/posts\/5253\/revisions\/5256"}],"wp:featuredmedia":[{"embeddable":true,"href":"https:\/\/arroyitoonline.com.ar\/index.php?rest_route=\/wp\/v2\/media\/5254"}],"wp:attachment":[{"href":"https:\/\/arroyitoonline.com.ar\/index.php?rest_route=%2Fwp%2Fv2%2Fmedia&parent=5253"}],"wp:term":[{"taxonomy":"category","embeddable":true,"href":"https:\/\/arroyitoonline.com.ar\/index.php?rest_route=%2Fwp%2Fv2%2Fcategories&post=5253"},{"taxonomy":"post_tag","embeddable":true,"href":"https:\/\/arroyitoonline.com.ar\/index.php?rest_route=%2Fwp%2Fv2%2Ftags&post=5253"}],"curies":[{"name":"wp","href":"https:\/\/api.w.org\/{rel}","templated":true}]}}