{"id":5257,"date":"2019-08-20T13:35:28","date_gmt":"2019-08-20T13:35:28","guid":{"rendered":"https:\/\/arroyitoonline.com.ar\/?p=5257"},"modified":"2019-08-21T01:43:19","modified_gmt":"2019-08-21T01:43:19","slug":"el-taller-municipal-de-acrotelas-participo-del-open-cordoba","status":"publish","type":"post","link":"https:\/\/arroyitoonline.com.ar\/?p=5257","title":{"rendered":"El Taller Municipal de Acrotelas particip\u00f3 del Open C\u00f3rdoba"},"content":{"rendered":"\n<p><strong>Dos de las representantes de Arroyito se trajeron medallas correspondientes a terceros puestos. <\/strong><\/p>\n\n\n\n<p>El domingo 18 de agosto, el Taller local de Acrotelas dirigido por la Prof. Consuelo Mercado particip\u00f3 del Open C\u00f3rdoba organizado por la Asociaci\u00f3n Cordobesa de Acrobacia en Telas.<\/p>\n\n\n\n<p>Al certamen asistieron competidores de diferentes provincias, como Santa Fe, Santiago del Estero,\u00a0Salta, Santa Cruz (R\u00edo Gallegos), entre otras.<br><\/p>\n\n\n\n<p>El Open cont\u00f3 con un jurado de nivel internacional, el italiano R\u00edo Balerani,\u00a0quien brindar\u00e1 un seminario de telas en San Francisco, y el paraguayo Ale Colman.<br><\/p>\n\n\n\n<p>En la oportunidad, el grupo de Arroyito obtuvo dos medallas:<br><\/p>\n\n\n\n<p>Victoria Ochoa \u2013 3\u00ba puesto Categor\u00eda Amateur Juvenil.<\/p>\n\n\n\n<p>Elisa Trangoni \u2013 3\u00ba puesto Categor\u00eda Profesional Adultos.<\/p>\n\n\n\n<p><em>&#8220;Felicitaciones a ellas por estos logros y a su profesora por instarlas a participar de esta actividad art\u00edstica. Adelante!!!&#8221;<\/em>, dijeron desde el Municipio.<\/p>\n\n\n\n<p>Fuente: Prensa Municipal. <\/p>\n","protected":false},"excerpt":{"rendered":"<p>Dos de las representantes de Arroyito se trajeron medallas correspondientes a terceros puestos. El domingo 18 de agosto, el Taller&hellip;<\/p>\n","protected":false},"author":3,"featured_media":5258,"comment_status":"closed","ping_status":"open","sticky":false,"template":"","format":"standard","meta":{"footnotes":""},"categories":[2],"tags":[27,66,67,836,244,259,864,572,748,749],"class_list":["post-5257","post","type-post","status-publish","format-standard","has-post-thumbnail","hentry","category-cultura-y-espectaculos","tag-acrobacia-en-telas","tag-arroyito","tag-arroyito-cordoba","tag-arroyito-online","tag-cordoba","tag-cultura","tag-cultura-y-espectaculos-online","tag-noticias-de-arroyito-y-zona","tag-taller","tag-talleres-culturales"],"_links":{"self":[{"href":"https:\/\/arroyitoonline.com.ar\/index.php?rest_route=\/wp\/v2\/posts\/5257","targetHints":{"allow":["GET"]}}],"collection":[{"href":"https:\/\/arroyitoonline.com.ar\/index.php?rest_route=\/wp\/v2\/posts"}],"about":[{"href":"https:\/\/arroyitoonline.com.ar\/index.php?rest_route=\/wp\/v2\/types\/post"}],"author":[{"embeddable":true,"href":"https:\/\/arroyitoonline.com.ar\/index.php?rest_route=\/wp\/v2\/users\/3"}],"replies":[{"embeddable":true,"href":"https:\/\/arroyitoonline.com.ar\/index.php?rest_route=%2Fwp%2Fv2%2Fcomments&post=5257"}],"version-history":[{"count":1,"href":"https:\/\/arroyitoonline.com.ar\/index.php?rest_route=\/wp\/v2\/posts\/5257\/revisions"}],"predecessor-version":[{"id":5259,"href":"https:\/\/arroyitoonline.com.ar\/index.php?rest_route=\/wp\/v2\/posts\/5257\/revisions\/5259"}],"wp:featuredmedia":[{"embeddable":true,"href":"https:\/\/arroyitoonline.com.ar\/index.php?rest_route=\/wp\/v2\/media\/5258"}],"wp:attachment":[{"href":"https:\/\/arroyitoonline.com.ar\/index.php?rest_route=%2Fwp%2Fv2%2Fmedia&parent=5257"}],"wp:term":[{"taxonomy":"category","embeddable":true,"href":"https:\/\/arroyitoonline.com.ar\/index.php?rest_route=%2Fwp%2Fv2%2Fcategories&post=5257"},{"taxonomy":"post_tag","embeddable":true,"href":"https:\/\/arroyitoonline.com.ar\/index.php?rest_route=%2Fwp%2Fv2%2Ftags&post=5257"}],"curies":[{"name":"wp","href":"https:\/\/api.w.org\/{rel}","templated":true}]}}