{"id":5260,"date":"2019-08-21T01:55:58","date_gmt":"2019-08-21T01:55:58","guid":{"rendered":"https:\/\/arroyitoonline.com.ar\/?p=5260"},"modified":"2019-08-21T01:56:00","modified_gmt":"2019-08-21T01:56:00","slug":"la-escuela-y-el-ballet-municipal-concretaron-su-muestra-anual","status":"publish","type":"post","link":"https:\/\/arroyitoonline.com.ar\/?p=5260","title":{"rendered":"La Escuela y el Ballet Municipal concretaron su muestra anual"},"content":{"rendered":"\n<p><strong>M\u00e1s de 200 bailarines en escena, bajo la direcci\u00f3n General de Viviana Pedernera, desplegaron talento y arte. <\/strong><\/p>\n\n\n\n<p>El s\u00e1bado 17 de agosto, en las instalaciones del Sal\u00f3n Bomberos Voluntarios, la Escuela y el Ballet Municipal de Danzas Folcl\u00f3ricas y Tango concretaron su muestra anual. <\/p>\n\n\n\n<p>Con un importante marco de p\u00fablico, se presentaron m\u00e1s de 200 bailarines en el escenario, los cuales desplegaron distintas coreograf\u00edas con trajes coloridos y mucha energ\u00eda que fue trasladada a los espectadores en todo momento.<\/p>\n\n\n\n<p>Guaguitas, Infantiles, Semillitas, Juveniles, Papis Folk y Ballet fueron protagonistas de este gran despliegue art\u00edstico bajo la direcci\u00f3n General de Viviana Pedernera y un staff de profesores que demostraron el profesionalismo que los caracteriza: Marianela Bernardi, Federico Ceballos, Ramiro Capdevilla, Carla Trossero, Agust\u00edn Romero y Romina Comastri.<\/p>\n\n\n\n<p>Estuvieron presentes, acompa\u00f1ando este evento cultural, la\u00a0viceintendente Graciela Tristany, el secretario de Obras P\u00fablicas Daniel Lafarina, la coordinadora de la Oficina de Empleo Viviana Vercelli, la directora de Cultura Viviana Sam Sam\u00a0y el director del Museo Gustavo Pav\u00f3n.<\/p>\n\n\n\n<p>A\u00f1o tras a\u00f1o es muy notorio el progreso que demuestran estos bailarines, ofreciendo con un espect\u00e1culo de gran calidad art\u00edstica. Desde el Ejecutivo Municipal los felicitan a todos. <\/p>\n\n\n\n<p>Foto gentileza: Jos\u00e9 Feulien.<\/p>\n\n\n\n<p>Fuente: Prensa Municipal. <\/p>\n","protected":false},"excerpt":{"rendered":"<p>M\u00e1s de 200 bailarines en escena, bajo la direcci\u00f3n General de Viviana Pedernera, desplegaron talento y arte. El s\u00e1bado 17&hellip;<\/p>\n","protected":false},"author":3,"featured_media":5261,"comment_status":"closed","ping_status":"open","sticky":false,"template":"","format":"standard","meta":{"footnotes":""},"categories":[2],"tags":[66,67,836,93,259,864,572],"class_list":["post-5260","post","type-post","status-publish","format-standard","has-post-thumbnail","hentry","category-cultura-y-espectaculos","tag-arroyito","tag-arroyito-cordoba","tag-arroyito-online","tag-ballet-municipal","tag-cultura","tag-cultura-y-espectaculos-online","tag-noticias-de-arroyito-y-zona"],"_links":{"self":[{"href":"https:\/\/arroyitoonline.com.ar\/index.php?rest_route=\/wp\/v2\/posts\/5260","targetHints":{"allow":["GET"]}}],"collection":[{"href":"https:\/\/arroyitoonline.com.ar\/index.php?rest_route=\/wp\/v2\/posts"}],"about":[{"href":"https:\/\/arroyitoonline.com.ar\/index.php?rest_route=\/wp\/v2\/types\/post"}],"author":[{"embeddable":true,"href":"https:\/\/arroyitoonline.com.ar\/index.php?rest_route=\/wp\/v2\/users\/3"}],"replies":[{"embeddable":true,"href":"https:\/\/arroyitoonline.com.ar\/index.php?rest_route=%2Fwp%2Fv2%2Fcomments&post=5260"}],"version-history":[{"count":1,"href":"https:\/\/arroyitoonline.com.ar\/index.php?rest_route=\/wp\/v2\/posts\/5260\/revisions"}],"predecessor-version":[{"id":5262,"href":"https:\/\/arroyitoonline.com.ar\/index.php?rest_route=\/wp\/v2\/posts\/5260\/revisions\/5262"}],"wp:featuredmedia":[{"embeddable":true,"href":"https:\/\/arroyitoonline.com.ar\/index.php?rest_route=\/wp\/v2\/media\/5261"}],"wp:attachment":[{"href":"https:\/\/arroyitoonline.com.ar\/index.php?rest_route=%2Fwp%2Fv2%2Fmedia&parent=5260"}],"wp:term":[{"taxonomy":"category","embeddable":true,"href":"https:\/\/arroyitoonline.com.ar\/index.php?rest_route=%2Fwp%2Fv2%2Fcategories&post=5260"},{"taxonomy":"post_tag","embeddable":true,"href":"https:\/\/arroyitoonline.com.ar\/index.php?rest_route=%2Fwp%2Fv2%2Ftags&post=5260"}],"curies":[{"name":"wp","href":"https:\/\/api.w.org\/{rel}","templated":true}]}}