{"id":5267,"date":"2019-08-21T18:38:28","date_gmt":"2019-08-21T18:38:28","guid":{"rendered":"https:\/\/arroyitoonline.com.ar\/?p=5267"},"modified":"2019-08-21T18:38:29","modified_gmt":"2019-08-21T18:38:29","slug":"el-director-del-pami-recorrio-lo-que-sera-la-nueva-sede-local","status":"publish","type":"post","link":"https:\/\/arroyitoonline.com.ar\/?p=5267","title":{"rendered":"El director del PAMI recorri\u00f3 lo que ser\u00e1 la nueva sede local"},"content":{"rendered":"\n<p><strong>Cravero le pidi\u00f3 al funcionario que acelere al m\u00e1ximo la puesta en marcha de este nuevo espacio para los jubilados, ya que el Municipio finaliz\u00f3 con todas las modificaciones solicitadas. <\/strong><\/p>\n\n\n\n<p>En la ma\u00f1ana de hoy, el intendente Mauricio Cravero y el secretario de Obras P\u00fablicas Daniel Lafarina, recibieron al Director Ejecutivo del Programa de Atenci\u00f3n M\u00e9dica Integral (PAMI) C\u00f3rdoba, Juan Carlos Zazzetti, en el local que alquil\u00f3 el Municipio para que funcione la nueva sede local de la dependencia nacional ubicada en Bartolom\u00e9 Mitre 310.<\/p>\n\n\n\n<p>En la oportunidad, el funcionario recorri\u00f3 las instalaciones, felicit\u00f3 a la secretaria de Obras p\u00fablicas por el trabajo realizado y cerr\u00f3 detalles de los comodatos que firmar\u00e1n entre ambas instituciones, con el primer mandatario de Arroyito. <\/p>\n\n\n\n<p>Tambi\u00e9n dialogaron sobre los detalles del traslado de la antigua sede a la nueva, mobiliarios, se\u00f1al\u00e9tica, entre otros aspectos.<\/p>\n\n\n\n<p>Por su parte, el intendente solicit\u00f3 a Zazzetti que acelere al m\u00e1ximo la puesta en marcha de este nuevo espacio para todos nuestros jubilados, ya que el Municipio ha finalizado todas las modificaciones solicitadas. El director de PAMI C\u00f3rdoba se comprometi\u00f3 con el cumplimiento de ese pedido. <\/p>\n\n\n\n<p>Fuente: Prensa Municipal. <\/p>\n","protected":false},"excerpt":{"rendered":"<p>Cravero le pidi\u00f3 al funcionario que acelere al m\u00e1ximo la puesta en marcha de este nuevo espacio para los jubilados,&hellip;<\/p>\n","protected":false},"author":3,"featured_media":5268,"comment_status":"closed","ping_status":"open","sticky":false,"template":"","format":"standard","meta":{"footnotes":""},"categories":[829],"tags":[33,66,67,836,253,837,556,572,856],"class_list":["post-5267","post","type-post","status-publish","format-standard","has-post-thumbnail","hentry","category-municipales-online","tag-adultos-mayores","tag-arroyito","tag-arroyito-cordoba","tag-arroyito-online","tag-cravero","tag-lafarina","tag-municipalidad-de-arroyito","tag-noticias-de-arroyito-y-zona","tag-pami"],"_links":{"self":[{"href":"https:\/\/arroyitoonline.com.ar\/index.php?rest_route=\/wp\/v2\/posts\/5267","targetHints":{"allow":["GET"]}}],"collection":[{"href":"https:\/\/arroyitoonline.com.ar\/index.php?rest_route=\/wp\/v2\/posts"}],"about":[{"href":"https:\/\/arroyitoonline.com.ar\/index.php?rest_route=\/wp\/v2\/types\/post"}],"author":[{"embeddable":true,"href":"https:\/\/arroyitoonline.com.ar\/index.php?rest_route=\/wp\/v2\/users\/3"}],"replies":[{"embeddable":true,"href":"https:\/\/arroyitoonline.com.ar\/index.php?rest_route=%2Fwp%2Fv2%2Fcomments&post=5267"}],"version-history":[{"count":1,"href":"https:\/\/arroyitoonline.com.ar\/index.php?rest_route=\/wp\/v2\/posts\/5267\/revisions"}],"predecessor-version":[{"id":5269,"href":"https:\/\/arroyitoonline.com.ar\/index.php?rest_route=\/wp\/v2\/posts\/5267\/revisions\/5269"}],"wp:featuredmedia":[{"embeddable":true,"href":"https:\/\/arroyitoonline.com.ar\/index.php?rest_route=\/wp\/v2\/media\/5268"}],"wp:attachment":[{"href":"https:\/\/arroyitoonline.com.ar\/index.php?rest_route=%2Fwp%2Fv2%2Fmedia&parent=5267"}],"wp:term":[{"taxonomy":"category","embeddable":true,"href":"https:\/\/arroyitoonline.com.ar\/index.php?rest_route=%2Fwp%2Fv2%2Fcategories&post=5267"},{"taxonomy":"post_tag","embeddable":true,"href":"https:\/\/arroyitoonline.com.ar\/index.php?rest_route=%2Fwp%2Fv2%2Ftags&post=5267"}],"curies":[{"name":"wp","href":"https:\/\/api.w.org\/{rel}","templated":true}]}}