{"id":5303,"date":"2019-08-25T02:16:21","date_gmt":"2019-08-25T02:16:21","guid":{"rendered":"https:\/\/arroyitoonline.com.ar\/?p=5303"},"modified":"2019-08-25T02:18:02","modified_gmt":"2019-08-25T02:18:02","slug":"24a-en-la-plaza-25-de-mayo-unas-10-personas-se-movilizaron-a-favor-de-macri","status":"publish","type":"post","link":"https:\/\/arroyitoonline.com.ar\/?p=5303","title":{"rendered":"24A: en la Plaza 25 de Mayo, unas 10 personas se movilizaron a favor de Macri"},"content":{"rendered":"\n<p><strong>La imagen fue compartida en la red social Facebook. Los vecinos llevaban la bandera argentina. Cravero tambi\u00e9n envi\u00f3 su apoyo al presidente.<\/strong><\/p>\n\n\n\n<p>Seg\u00fan public\u00f3 Infobae, desde las 17:00 horas de hoy, y con consignas como <em>&#8220;s\u00ed, se puede&#8221;<\/em> y <em>&#8220;no vuelven m\u00e1s&#8221;<\/em>, en una referencia a la f\u00f3rmula integrada por&nbsp;<strong>Alberto Fern\u00e1ndez y Cristina Kirchner<\/strong>,&nbsp;miles de personas participaron de una movilizaci\u00f3n en apoyo al Gobierno y <em>&#8220;en contra de la corrupci\u00f3n kirchnerista&#8221;<\/em> en el centro porte\u00f1o. <\/p>\n\n\n\n<p>La marcha denominada #24A, que fue convocada a trav\u00e9s de las redes sociales, cont\u00f3 con la adhesi\u00f3n de actores como Juan Acosta y Luis Brandoni, entre otros que promueven la reelecci\u00f3n de Macri. Adem\u00e1s, la concentraci\u00f3n tuvo r\u00e9plicas en las ciudades de Rosario, C\u00f3rdoba, Neuqu\u00e9n, Mendoza y Tucum\u00e1n. <\/p>\n\n\n\n<p>Por su parte, en Arroyito, un grupo de 10 vecinos se reuni\u00f3 en la Plaza 25 de Mayo exhibiendo una bandera argentina. Luego, una de las participantes comparti\u00f3 la foto en la red social Facebook, a la que acompa\u00f1\u00f3 con el lema <em>&#8220;pocos pero buenos. Aguante Macri&#8221;<\/em>. <\/p>\n\n\n\n<figure><iframe loading=\"lazy\" src=\"https:\/\/www.facebook.com\/plugins\/post.php?href=https%3A%2F%2Fwww.facebook.com%2Fclidel.lorenzatti%2Fposts%2F2442467185791040&amp;width=500\" width=\"500\" height=\"472\"><\/iframe><\/figure>\n\n\n\n<p>Tambi\u00e9n el intendente Mauricio Cravero brind\u00f3 su apoyo al primer mandatario nacional compartiendo un video en su feed de Instagram, agregando que <em>&#8220;s\u00ed se puede&#8230; MM2019&#8221;<\/em>.<\/p>\n\n\n\n<figure class=\"wp-block-embed-instagram wp-block-embed is-type-rich is-provider-instagram\"><div class=\"wp-block-embed__wrapper\">\nhttps:\/\/www.instagram.com\/p\/B1kMuKJHSzX\/\n<\/div><\/figure>\n","protected":false},"excerpt":{"rendered":"<p>La imagen fue compartida en la red social Facebook. Los vecinos llevaban la bandera argentina. Cravero tambi\u00e9n envi\u00f3 su apoyo&hellip;<\/p>\n","protected":false},"author":3,"featured_media":5304,"comment_status":"closed","ping_status":"open","sticky":false,"template":"","format":"standard","meta":{"footnotes":""},"categories":[8],"tags":[13,66,67,836,141,318,1016,511,521,572],"class_list":["post-5303","post","type-post","status-publish","format-standard","has-post-thumbnail","hentry","category-politica","tag-13","tag-arroyito","tag-arroyito-cordoba","tag-arroyito-online","tag-cambiemos","tag-elecciones","tag-juntos-por-el-cambio","tag-macri","tag-marcha","tag-noticias-de-arroyito-y-zona"],"_links":{"self":[{"href":"https:\/\/arroyitoonline.com.ar\/index.php?rest_route=\/wp\/v2\/posts\/5303","targetHints":{"allow":["GET"]}}],"collection":[{"href":"https:\/\/arroyitoonline.com.ar\/index.php?rest_route=\/wp\/v2\/posts"}],"about":[{"href":"https:\/\/arroyitoonline.com.ar\/index.php?rest_route=\/wp\/v2\/types\/post"}],"author":[{"embeddable":true,"href":"https:\/\/arroyitoonline.com.ar\/index.php?rest_route=\/wp\/v2\/users\/3"}],"replies":[{"embeddable":true,"href":"https:\/\/arroyitoonline.com.ar\/index.php?rest_route=%2Fwp%2Fv2%2Fcomments&post=5303"}],"version-history":[{"count":3,"href":"https:\/\/arroyitoonline.com.ar\/index.php?rest_route=\/wp\/v2\/posts\/5303\/revisions"}],"predecessor-version":[{"id":5308,"href":"https:\/\/arroyitoonline.com.ar\/index.php?rest_route=\/wp\/v2\/posts\/5303\/revisions\/5308"}],"wp:featuredmedia":[{"embeddable":true,"href":"https:\/\/arroyitoonline.com.ar\/index.php?rest_route=\/wp\/v2\/media\/5304"}],"wp:attachment":[{"href":"https:\/\/arroyitoonline.com.ar\/index.php?rest_route=%2Fwp%2Fv2%2Fmedia&parent=5303"}],"wp:term":[{"taxonomy":"category","embeddable":true,"href":"https:\/\/arroyitoonline.com.ar\/index.php?rest_route=%2Fwp%2Fv2%2Fcategories&post=5303"},{"taxonomy":"post_tag","embeddable":true,"href":"https:\/\/arroyitoonline.com.ar\/index.php?rest_route=%2Fwp%2Fv2%2Ftags&post=5303"}],"curies":[{"name":"wp","href":"https:\/\/api.w.org\/{rel}","templated":true}]}}