{"id":5309,"date":"2019-08-25T13:41:14","date_gmt":"2019-08-25T13:41:14","guid":{"rendered":"https:\/\/arroyitoonline.com.ar\/?p=5309"},"modified":"2019-08-25T17:13:02","modified_gmt":"2019-08-25T17:13:02","slug":"arcor-adelanta-vacaciones-en-la-molienda-de-maiz-y-desde-el-stia-denuncian-apriete-al-trabajador","status":"publish","type":"post","link":"https:\/\/arroyitoonline.com.ar\/?p=5309","title":{"rendered":"Arcor adelanta vacaciones en la molienda de ma\u00edz y desde el STIA denuncian \u201capriete al trabajador\u201d"},"content":{"rendered":"\n<p><strong>Debido al exceso de stock, Arcor frenar\u00eda su producci\u00f3n en Arroyito por tercera vez en el a\u00f1o. El gremio denuncia que bloquearon las tarjetas de ingreso de delegados a una reuni\u00f3n con el personal, donde algunos firmaron un adelanto de vacaciones.<\/strong><\/p>\n\n\n\n<p>Desde el pasado mi\u00e9rcoles, seg\u00fan lo informaron fuentes locales del Sindicato de Trabajadores de industrias de la Alimentaci\u00f3n (STIA) a <strong>Arroyito Online<\/strong>, los trabajadores de la planta de molienda h\u00fameda de ma\u00edz de Arcor habr\u00edan sido advertidos de posibles suspensiones por exceso de stock, <a href=\"https:\/\/arroyitoonline.com.ar\/info-online\/sindicales\/arcor-no-se-salva-de-la-crisis-detiene-la-produccion-en-sectores-de-san-pedro-y-arroyito\/\">tal como ocurri\u00f3 en el mes de mayo pasado, cuando les adelantaron vacaciones a 75 empleados<\/a>. <\/p>\n\n\n\n<p>Por este motivo, ese mismo d\u00eda, el gremio realiz\u00f3 una\ndenuncia en el ministerio de Trabajo, pidi\u00e9ndole a la multinacional <em>\u201cque aclare la situaci\u00f3n y cese con las\npresiones y amenazas a los trabajadores\u201d<\/em>.<em> \u201cAunque ante el ministerio, el abogado de la empresa nos dijo que se\ncompromet\u00edan a no perjudicar ni el salario ni los derechos de los trabajadores,\nafuera, la empresa dijo que no puede tener a la gente adentro de la planta.\nNosotros no vamos a permitir suspensiones hasta que Arcor presente el\npreventivo de crisis que, aunque dicen que est\u00e1n en crisis, no lo tienen\u201d<\/em>,\nexplic\u00f3 el secretario Gremial del STIA Arroyito, Guillermo Farnochi. <\/p>\n\n\n\n<p><em>\u201cSi el problema es que\nlos trabajadores no pueden estar adentro con la planta parada, por seguridad,\nles propusimos que los suspendan pero que les paguen el 100% del salario. Ayer\na las 12 hubo una reuni\u00f3n con empleados de todos los turnos para avisarles que\nles daban vacaciones. Llamamos a los delegados al complejo 2, pero desde la\nempresa bloquearon las tarjetas de ingreso al cuerpo de delegados y comisi\u00f3n\ndirectiva. Nosotros tenemos libre acceso siempre que haya un trabajador que\nnecesite asesoramiento legal. Apretaron gente, algunos firmaron el adelanto de\nvacaciones y no pueden hacerlo. Hubo gente que no firm\u00f3 y, si no los dejan\ningresar porque supuestamente est\u00e1n de vacaciones, vamos a traer una escribana\npara constatar\u201d<\/em>, agreg\u00f3\nFarnochi a nuestro medio. <\/p>\n\n\n\n<p>Adem\u00e1s, fuentes del gremio indicaron que en mayo, dos d\u00edas\nantes de la suspensi\u00f3n de obreros \u2013que termin\u00f3 siendo adelanto de vacaciones-,\nlos llamaron aduciendo que era una sola parada. Pero esa palabra no se cumpli\u00f3,\nya que detuvieron la producci\u00f3n en mayo, julio, ahora lo har\u00e1n en agosto y\ntienen previsto frenar tambi\u00e9n en los meses de septiembre y octubre. <em>\u201cNos opusimos porque faltaron a la palabra\nde que los trabajadores no iban que ser perjudicados. Suspenden y adelantan\nvacaciones en todos lados. No tienen lugar donde tenerla a la gente. Quieren\npagar dos mangos a contratistas y tener a la gente afuera. Est\u00e1n vaciando plantas\ny llev\u00e1ndoselas a Angola\u201d<\/em>, denunciaron.<\/p>\n\n\n\n<p>Adem\u00e1s avisaron que <em>\u201cEl\nlunes los vamos a denunciar de nuevo por restricci\u00f3n a las tareas gremiales y\napriete al trabajador\u201d<\/em>.\n\n\n\n\n\nomains&#8221;: false,\n      &#8220;pkp_observed&#8221;: 0.0,\n      &#8220;sts_include_subdomains&#8221;: true,\n      &#8220;sts_observed&#8221;: 1556241821.08525\n   },\n   &#8220;4AGT3lHihuMSd5rUj7B4u6At0jlSH3HFePovjPR+oLE=&#8221;: {\n      &#8220;dynamic_spki_hashes_expiry&#8221;: 0.0,\n      &#8220;expiry&#8221;: 1597249078.430422,\n      &#8220;mode&#8221;: &#8220;force-https&#8221;,\n      &#8220;pkp_include_subdomains&#8221;: false,\n      &#8220;pkp_observed&#8221;: 0.0,\n      &#8220;sts_include_subdomains&#8221;: false,\n      &#8220;sts_observed&#8221;: 1565713078.430422\n   },\n   &#8220;4BmlyldLz\/VT\/Z8v\/cHnd03+nR31YQZlaJg4bUJmVcs=&#8221;: {\n      &#8220;dynamic_spki_hashes_expiry&#8221;: 0.0,\n      &#8220;expiry&#8221;: 1587779336.95525,\n      &#8220;mode&#8221;: &#8220;force-https&#8221;,\n      &#8220;pkp_include_subdomains&#8221;: false,\n      &#8220;pkp_observed&#8221;: 0.0,\n      &#8220;sts_include_subdomains&#8221;: true,\n      &#8220;sts_observed&#8221;: 1556243336.95525\n   },\n   &#8220;4KxPUtbleGRHbhAnW\/7Rz9Hmwqi5g5QcdLfbdWfwwmA=&#8221;: {\n      &#8220;dynamic_spki_hashes_expiry&#8221;: 0.0,\n      &#8220;expiry&#8221;: 1572318408.00825,\n      &#8220;mode&#8221;: &#8220;force-https&#8221;,\n      &#8220;pkp_include_subdomains&#8221;: false,\n      &#8220;pkp_observed&#8221;: 0.0,\n      &#8220;sts_include_subdomains&#8221;: true,\n      &#8220;sts_observed&#8221;: 1540782408.00825\n   },\n   &#8220;4S1wtu62mpsGYZ918Agq7trNri8V61H2+y28RqN+vdw=&#8221;: {\n      &#8220;dynamic_spki_hashes_expiry&#8221;: 0.0,\n      &#8220;expiry&#8221;: 1581962376.89575,\n      &#8220;mode&#8221;: &#8220;force-https&#8221;,\n      &#8220;pkp_include_subdomains&#8221;: false,\n      &#8220;pkp_observed&#8221;: 0.0,\n      &#8220;sts_include_subdomains&#8221;: false,\n      &#8220;sts_observed&#8221;: 1566410376.89575\n   },\n   &#8220;4TzzKzblXLhcgvsxwwqsDW1HQrRVhmnJmOfzZOi3bDU=&#8221;: {\n      &#8220;dynamic_spki_hashes_expiry&#8221;: 0.0,\n      &#8220;expiry&#8221;: 1566931567.6285,\n      &#8220;mode&#8221;: &#8220;force-https&#8221;,\n      &#8220;pkp_include_subdomains&#8221;: false,\n      &#8220;pkp_observed&#8221;: 0.0,\n      &#8220;sts_include_subdomains&#8221;: false,\n      &#8220;sts_observed&#8221;: 1551379567.6285\n   },\n   &#8220;4cp8H23sbM2L4oJMrrMbaIhZUqZhViq3Mk19cI8+KHo=&#8221;: {\n      &#8220;dynamic_spki_hashes_expiry<\/p>\n","protected":false},"excerpt":{"rendered":"<p>Debido al exceso de stock, Arcor frenar\u00eda su producci\u00f3n en Arroyito por tercera vez en el a\u00f1o. El gremio denuncia&hellip;<\/p>\n","protected":false},"author":3,"featured_media":5310,"comment_status":"closed","ping_status":"open","sticky":false,"template":"","format":"standard","meta":{"footnotes":""},"categories":[926],"tags":[59,66,67,836,855,537,572,927,735,736,741],"class_list":["post-5309","post","type-post","status-publish","format-standard","has-post-thumbnail","hentry","category-sindicales","tag-arcor","tag-arroyito","tag-arroyito-cordoba","tag-arroyito-online","tag-crisis","tag-ministerio-de-trabajo","tag-noticias-de-arroyito-y-zona","tag-sindicales-online","tag-sindicato","tag-sindicatos","tag-stia"],"_links":{"self":[{"href":"https:\/\/arroyitoonline.com.ar\/index.php?rest_route=\/wp\/v2\/posts\/5309","targetHints":{"allow":["GET"]}}],"collection":[{"href":"https:\/\/arroyitoonline.com.ar\/index.php?rest_route=\/wp\/v2\/posts"}],"about":[{"href":"https:\/\/arroyitoonline.com.ar\/index.php?rest_route=\/wp\/v2\/types\/post"}],"author":[{"embeddable":true,"href":"https:\/\/arroyitoonline.com.ar\/index.php?rest_route=\/wp\/v2\/users\/3"}],"replies":[{"embeddable":true,"href":"https:\/\/arroyitoonline.com.ar\/index.php?rest_route=%2Fwp%2Fv2%2Fcomments&post=5309"}],"version-history":[{"count":3,"href":"https:\/\/arroyitoonline.com.ar\/index.php?rest_route=\/wp\/v2\/posts\/5309\/revisions"}],"predecessor-version":[{"id":5313,"href":"https:\/\/arroyitoonline.com.ar\/index.php?rest_route=\/wp\/v2\/posts\/5309\/revisions\/5313"}],"wp:featuredmedia":[{"embeddable":true,"href":"https:\/\/arroyitoonline.com.ar\/index.php?rest_route=\/wp\/v2\/media\/5310"}],"wp:attachment":[{"href":"https:\/\/arroyitoonline.com.ar\/index.php?rest_route=%2Fwp%2Fv2%2Fmedia&parent=5309"}],"wp:term":[{"taxonomy":"category","embeddable":true,"href":"https:\/\/arroyitoonline.com.ar\/index.php?rest_route=%2Fwp%2Fv2%2Fcategories&post=5309"},{"taxonomy":"post_tag","embeddable":true,"href":"https:\/\/arroyitoonline.com.ar\/index.php?rest_route=%2Fwp%2Fv2%2Ftags&post=5309"}],"curies":[{"name":"wp","href":"https:\/\/api.w.org\/{rel}","templated":true}]}}