{"id":5314,"date":"2019-08-23T13:26:21","date_gmt":"2019-08-23T13:26:21","guid":{"rendered":"https:\/\/arroyitoonline.com.ar\/?p=5314"},"modified":"2019-08-26T01:36:05","modified_gmt":"2019-08-26T01:36:05","slug":"padres-en-accion-expone-el-arte-de-sus-chicos-en-el-museo","status":"publish","type":"post","link":"https:\/\/arroyitoonline.com.ar\/?p=5314","title":{"rendered":"Padres en Acci\u00f3n expone el arte de sus chicos en el Museo"},"content":{"rendered":"\n<p><strong>La exposici\u00f3n temporaria est\u00e1 disponible para que la visiten, en el horario de atenci\u00f3n al p\u00fablico del museo.<\/strong><\/p>\n\n\n\n<p>El martes 20 de agosto se produjo la apertura de la muestra temporaria de Padres en Acci\u00f3n, con los trabajos desarrollados por los peque\u00f1os grandes artistas.<\/p>\n\n\n\n<p>La entidad de referencia del sector sur dio inicio a su exposici\u00f3n temporaria en el Patio de Artes del Museo Municipal Jos\u00e9 Domingo Mercado, donde comparti\u00f3 con toda comunidad los trabajos que se realizan en sus diferentes talleres.<\/p>\n\n\n\n<p>Ante unas 60 personas, abri\u00f3 el encuentro Selene Ochoa. Tambi\u00e9n cant\u00f3 Camila Bustos, que fue acompa\u00f1ada por su pap\u00e1, Hern\u00e1n Bustos, en guitarra. Adem\u00e1s, Jazm\u00edn Bessone bail\u00f3 una coreograf\u00eda de Hip Hop. <\/p>\n\n\n\n<p>Las obras pintadas por los chicos pueden apreciarse en el horario de atenci\u00f3n al p\u00fablico del museo. <\/p>\n\n\n\n<p>La Municipalidad agradeci\u00f3 <em>&#8220;a todos por la visita y en especial a Zoraya Bessone por su excelente trabajo juntos a los papis y ni\u00f1os&#8221;<\/em>.<\/p>\n","protected":false},"excerpt":{"rendered":"<p>La exposici\u00f3n temporaria est\u00e1 disponible para que la visiten, en el horario de atenci\u00f3n al p\u00fablico del museo. El martes&hellip;<\/p>\n","protected":false},"author":3,"featured_media":5315,"comment_status":"closed","ping_status":"open","sticky":false,"template":"","format":"standard","meta":{"footnotes":""},"categories":[2],"tags":[66,67,836,70,259,864,930,572],"class_list":["post-5314","post","type-post","status-publish","format-standard","has-post-thumbnail","hentry","category-cultura-y-espectaculos","tag-arroyito","tag-arroyito-cordoba","tag-arroyito-online","tag-arte","tag-cultura","tag-cultura-y-espectaculos-online","tag-museo-historico-municipal-jose-domingo-mercado","tag-noticias-de-arroyito-y-zona"],"_links":{"self":[{"href":"https:\/\/arroyitoonline.com.ar\/index.php?rest_route=\/wp\/v2\/posts\/5314","targetHints":{"allow":["GET"]}}],"collection":[{"href":"https:\/\/arroyitoonline.com.ar\/index.php?rest_route=\/wp\/v2\/posts"}],"about":[{"href":"https:\/\/arroyitoonline.com.ar\/index.php?rest_route=\/wp\/v2\/types\/post"}],"author":[{"embeddable":true,"href":"https:\/\/arroyitoonline.com.ar\/index.php?rest_route=\/wp\/v2\/users\/3"}],"replies":[{"embeddable":true,"href":"https:\/\/arroyitoonline.com.ar\/index.php?rest_route=%2Fwp%2Fv2%2Fcomments&post=5314"}],"version-history":[{"count":1,"href":"https:\/\/arroyitoonline.com.ar\/index.php?rest_route=\/wp\/v2\/posts\/5314\/revisions"}],"predecessor-version":[{"id":5316,"href":"https:\/\/arroyitoonline.com.ar\/index.php?rest_route=\/wp\/v2\/posts\/5314\/revisions\/5316"}],"wp:featuredmedia":[{"embeddable":true,"href":"https:\/\/arroyitoonline.com.ar\/index.php?rest_route=\/wp\/v2\/media\/5315"}],"wp:attachment":[{"href":"https:\/\/arroyitoonline.com.ar\/index.php?rest_route=%2Fwp%2Fv2%2Fmedia&parent=5314"}],"wp:term":[{"taxonomy":"category","embeddable":true,"href":"https:\/\/arroyitoonline.com.ar\/index.php?rest_route=%2Fwp%2Fv2%2Fcategories&post=5314"},{"taxonomy":"post_tag","embeddable":true,"href":"https:\/\/arroyitoonline.com.ar\/index.php?rest_route=%2Fwp%2Fv2%2Ftags&post=5314"}],"curies":[{"name":"wp","href":"https:\/\/api.w.org\/{rel}","templated":true}]}}