{"id":5319,"date":"2019-08-26T12:34:19","date_gmt":"2019-08-26T12:34:19","guid":{"rendered":"https:\/\/arroyitoonline.com.ar\/?p=5319"},"modified":"2019-08-26T12:34:24","modified_gmt":"2019-08-26T12:34:24","slug":"tiene-14-anos-y-andaba-en-moto-sin-patente-luces-ni-papeles","status":"publish","type":"post","link":"https:\/\/arroyitoonline.com.ar\/?p=5319","title":{"rendered":"Tiene 14 a\u00f1os y andaba en moto sin patente, luces ni papeles"},"content":{"rendered":"\n<p><strong>La Polic\u00eda lo notific\u00f3 por supuesta infracci\u00f3n al art\u00edculo 111 del C\u00f3digo de Convivencia Ciudadana y luego lo entreg\u00f3 a sus progenitores. <\/strong><\/p>\n\n\n\n<p>El s\u00e1bado a las 21:00 horas, personal\npolicial de la Comisar\u00eda local se encontraba realizando un control vehicular\npreventivo en la intersecci\u00f3n de la calle Jose A. Vocos y la avenida Mariano\nMoreno. En ese momento, inspeccion\u00f3 una moto conducida por un chico de 14 a\u00f1os,\ndomiciliado en Arroyito. <\/p>\n\n\n\n<p>Cuando fue entrevistado y consultado, el joven manifest\u00f3 que no pose\u00eda la documentaci\u00f3n del rodado. Tambi\u00e9n se constat\u00f3 que la Guerrero G110 CC que manejaba carec\u00eda de chapa patente y luces, por lo que fue secuestrada por la Polic\u00eda.<\/p>\n\n\n\n<p>El conductor fue notificado por supuesta infracci\u00f3n al art\u00edculo 111 (Prohibici\u00f3n de transitar sin documentaci\u00f3n, sin casco o sin placa identificatoria en motoveh\u00edculos) de la Ley N\u00b0 10.326 (C\u00f3digo de Convivencia Ciudadana) y entregado a sus progenitores.<\/p>\n\n\n\n<p>Fuente: informe de la oficial Principal Jesica Paz, a cargo de la Base Operativa Sur Suboficial Principal Gustavo Carlos D\u00edaz. <\/p>\n","protected":false},"excerpt":{"rendered":"<p>La Polic\u00eda lo notific\u00f3 por supuesta infracci\u00f3n al art\u00edculo 111 del C\u00f3digo de Convivencia Ciudadana y luego lo entreg\u00f3 a&hellip;<\/p>\n","protected":false},"author":3,"featured_media":5320,"comment_status":"closed","ping_status":"open","sticky":false,"template":"","format":"standard","meta":{"footnotes":""},"categories":[824],"tags":[66,67,836,471,547,572,635,637,638,825],"class_list":["post-5319","post","type-post","status-publish","format-standard","has-post-thumbnail","hentry","category-policiales-online","tag-arroyito","tag-arroyito-cordoba","tag-arroyito-online","tag-jovenes","tag-motos","tag-noticias-de-arroyito-y-zona","tag-policia","tag-policiales","tag-policiales-arroyito","tag-policiales-online"],"_links":{"self":[{"href":"https:\/\/arroyitoonline.com.ar\/index.php?rest_route=\/wp\/v2\/posts\/5319","targetHints":{"allow":["GET"]}}],"collection":[{"href":"https:\/\/arroyitoonline.com.ar\/index.php?rest_route=\/wp\/v2\/posts"}],"about":[{"href":"https:\/\/arroyitoonline.com.ar\/index.php?rest_route=\/wp\/v2\/types\/post"}],"author":[{"embeddable":true,"href":"https:\/\/arroyitoonline.com.ar\/index.php?rest_route=\/wp\/v2\/users\/3"}],"replies":[{"embeddable":true,"href":"https:\/\/arroyitoonline.com.ar\/index.php?rest_route=%2Fwp%2Fv2%2Fcomments&post=5319"}],"version-history":[{"count":1,"href":"https:\/\/arroyitoonline.com.ar\/index.php?rest_route=\/wp\/v2\/posts\/5319\/revisions"}],"predecessor-version":[{"id":5321,"href":"https:\/\/arroyitoonline.com.ar\/index.php?rest_route=\/wp\/v2\/posts\/5319\/revisions\/5321"}],"wp:featuredmedia":[{"embeddable":true,"href":"https:\/\/arroyitoonline.com.ar\/index.php?rest_route=\/wp\/v2\/media\/5320"}],"wp:attachment":[{"href":"https:\/\/arroyitoonline.com.ar\/index.php?rest_route=%2Fwp%2Fv2%2Fmedia&parent=5319"}],"wp:term":[{"taxonomy":"category","embeddable":true,"href":"https:\/\/arroyitoonline.com.ar\/index.php?rest_route=%2Fwp%2Fv2%2Fcategories&post=5319"},{"taxonomy":"post_tag","embeddable":true,"href":"https:\/\/arroyitoonline.com.ar\/index.php?rest_route=%2Fwp%2Fv2%2Ftags&post=5319"}],"curies":[{"name":"wp","href":"https:\/\/api.w.org\/{rel}","templated":true}]}}