{"id":5322,"date":"2019-08-26T07:46:42","date_gmt":"2019-08-26T07:46:42","guid":{"rendered":"https:\/\/arroyitoonline.com.ar\/?p=5322"},"modified":"2019-08-26T12:57:41","modified_gmt":"2019-08-26T12:57:41","slug":"renacer-llevo-el-arte-terapia-a-la-casa-de-la-cultura","status":"publish","type":"post","link":"https:\/\/arroyitoonline.com.ar\/?p=5322","title":{"rendered":"Renacer llev\u00f3 el arte terapia a la Casa de la Cultura"},"content":{"rendered":"\n<p><strong>El Taller de j\u00f3venes en inclusi\u00f3n de la instituci\u00f3n particip\u00f3 de esta actividad a cargo de la artista pl\u00e1stica Andrea Nina Moya.  <\/strong><\/p>\n\n\n\n<p>El jueves 22 de agosto se realiz\u00f3, en la sala del microcine del Punto Digital de la Casa de la Cultura, una muestra de Arte Terapia del taller de j\u00f3venes en inclusi\u00f3n de Renacer, a cargo de la artista pl\u00e1stica Andrea Nina Moya.<\/p>\n\n\n\n<p>En la ocasi\u00f3n estuvo presente la directora municipal de Cultura Viviana Sam Sam, d\u00e1ndoles la bienvenida a los presentes, y haciendo referencia a la importancia del trabajo en la inclusi\u00f3n donde se ponen de manifiesto la creatividad y la libertad creadora de los protagonistas.<\/p>\n\n\n\n<p>La actividad comenz\u00f3 con la intervenci\u00f3n art\u00edstica a cargo de Mat\u00edas\u00a0 Su\u00e1rez, miembro de la Banda Sinf\u00f3nica Municipal, que interpret\u00f3 temas instrumentales con su saxof\u00f3n, creando un clima de templanza\u00a0lleno de paz y armon\u00eda.<\/p>\n\n\n\n<p>Fuente: Prensa Municipal. <\/p>\n","protected":false},"excerpt":{"rendered":"<p>El Taller de j\u00f3venes en inclusi\u00f3n de la instituci\u00f3n particip\u00f3 de esta actividad a cargo de la artista pl\u00e1stica Andrea&hellip;<\/p>\n","protected":false},"author":3,"featured_media":5323,"comment_status":"closed","ping_status":"open","sticky":false,"template":"","format":"standard","meta":{"footnotes":""},"categories":[2],"tags":[66,67,836,70,158,572,876,683],"class_list":["post-5322","post","type-post","status-publish","format-standard","has-post-thumbnail","hentry","category-cultura-y-espectaculos","tag-arroyito","tag-arroyito-cordoba","tag-arroyito-online","tag-arte","tag-casa-de-la-cultura","tag-noticias-de-arroyito-y-zona","tag-punto-digital","tag-renacer"],"_links":{"self":[{"href":"https:\/\/arroyitoonline.com.ar\/index.php?rest_route=\/wp\/v2\/posts\/5322","targetHints":{"allow":["GET"]}}],"collection":[{"href":"https:\/\/arroyitoonline.com.ar\/index.php?rest_route=\/wp\/v2\/posts"}],"about":[{"href":"https:\/\/arroyitoonline.com.ar\/index.php?rest_route=\/wp\/v2\/types\/post"}],"author":[{"embeddable":true,"href":"https:\/\/arroyitoonline.com.ar\/index.php?rest_route=\/wp\/v2\/users\/3"}],"replies":[{"embeddable":true,"href":"https:\/\/arroyitoonline.com.ar\/index.php?rest_route=%2Fwp%2Fv2%2Fcomments&post=5322"}],"version-history":[{"count":1,"href":"https:\/\/arroyitoonline.com.ar\/index.php?rest_route=\/wp\/v2\/posts\/5322\/revisions"}],"predecessor-version":[{"id":5324,"href":"https:\/\/arroyitoonline.com.ar\/index.php?rest_route=\/wp\/v2\/posts\/5322\/revisions\/5324"}],"wp:featuredmedia":[{"embeddable":true,"href":"https:\/\/arroyitoonline.com.ar\/index.php?rest_route=\/wp\/v2\/media\/5323"}],"wp:attachment":[{"href":"https:\/\/arroyitoonline.com.ar\/index.php?rest_route=%2Fwp%2Fv2%2Fmedia&parent=5322"}],"wp:term":[{"taxonomy":"category","embeddable":true,"href":"https:\/\/arroyitoonline.com.ar\/index.php?rest_route=%2Fwp%2Fv2%2Fcategories&post=5322"},{"taxonomy":"post_tag","embeddable":true,"href":"https:\/\/arroyitoonline.com.ar\/index.php?rest_route=%2Fwp%2Fv2%2Ftags&post=5322"}],"curies":[{"name":"wp","href":"https:\/\/api.w.org\/{rel}","templated":true}]}}