{"id":5330,"date":"2019-08-26T11:56:53","date_gmt":"2019-08-26T11:56:53","guid":{"rendered":"https:\/\/arroyitoonline.com.ar\/?p=5330"},"modified":"2019-08-26T19:09:19","modified_gmt":"2019-08-26T19:09:19","slug":"giro-en-u-con-su-auto-por-la-costanera-y-fue-chocada-por-una-moto","status":"publish","type":"post","link":"https:\/\/arroyitoonline.com.ar\/?p=5330","title":{"rendered":"Gir\u00f3 en U con su auto por la Costanera y fue chocada por una moto"},"content":{"rendered":"\n<p><strong>La conductora del rodado menor fue trasladada al hospital municipal y diagnosticada con lesiones reservadas.<\/strong><\/p>\n\n\n\n<p>Ayer a las 19:15 horas, a ra\u00edz de un\nllamado telef\u00f3nico a la l\u00ednea de emergencias 101, la Polic\u00eda tom\u00f3 conocimiento\nde un accidente de tr\u00e1nsito en Balneario Municipal. <\/p>\n\n\n\n<p>Personal policial entrevist\u00f3 en el\nlugar a una joven (24) de esta ciudad, quien manifest\u00f3 que conduc\u00eda su veh\u00edculo\nRenault Clio blanco, por Av. Per\u00f3n, con sentido de este a oeste. Cuando gir\u00f3 en\nU fue colisionada por una moto Suzuki DR 350cc blanca, sin dominio visible, manejada\npor otra chica (22) de Arroyito.<\/p>\n\n\n\n<p>Se hizo presente en el sector del siniestro, el Servicio de Emergencias, que traslad\u00f3 a la ocupante del rodado menor hacia el Hospital Municipal, quien fue diagnosticada con lesiones reservadas, inici\u00e1ndose las correspondientes actuaciones sumariales.<\/p>\n\n\n\n<p>Fuente: informe de la oficial Principal\nJesica Paz, a cargo de la Base Operativa Sur Suboficial Principal Gustavo\nCarlos D\u00edaz.<\/p>\n","protected":false},"excerpt":{"rendered":"<p>La conductora del rodado menor fue trasladada al hospital municipal y diagnosticada con lesiones reservadas. Ayer a las 19:15 horas,&hellip;<\/p>\n","protected":false},"author":3,"featured_media":3993,"comment_status":"closed","ping_status":"open","sticky":false,"template":"","format":"standard","meta":{"footnotes":""},"categories":[824],"tags":[22,66,67,836,191,547,572,635,637,638,825],"class_list":["post-5330","post","type-post","status-publish","format-standard","has-post-thumbnail","hentry","category-policiales-online","tag-accidente","tag-arroyito","tag-arroyito-cordoba","tag-arroyito-online","tag-choque","tag-motos","tag-noticias-de-arroyito-y-zona","tag-policia","tag-policiales","tag-policiales-arroyito","tag-policiales-online"],"_links":{"self":[{"href":"https:\/\/arroyitoonline.com.ar\/index.php?rest_route=\/wp\/v2\/posts\/5330","targetHints":{"allow":["GET"]}}],"collection":[{"href":"https:\/\/arroyitoonline.com.ar\/index.php?rest_route=\/wp\/v2\/posts"}],"about":[{"href":"https:\/\/arroyitoonline.com.ar\/index.php?rest_route=\/wp\/v2\/types\/post"}],"author":[{"embeddable":true,"href":"https:\/\/arroyitoonline.com.ar\/index.php?rest_route=\/wp\/v2\/users\/3"}],"replies":[{"embeddable":true,"href":"https:\/\/arroyitoonline.com.ar\/index.php?rest_route=%2Fwp%2Fv2%2Fcomments&post=5330"}],"version-history":[{"count":2,"href":"https:\/\/arroyitoonline.com.ar\/index.php?rest_route=\/wp\/v2\/posts\/5330\/revisions"}],"predecessor-version":[{"id":5347,"href":"https:\/\/arroyitoonline.com.ar\/index.php?rest_route=\/wp\/v2\/posts\/5330\/revisions\/5347"}],"wp:featuredmedia":[{"embeddable":true,"href":"https:\/\/arroyitoonline.com.ar\/index.php?rest_route=\/wp\/v2\/media\/3993"}],"wp:attachment":[{"href":"https:\/\/arroyitoonline.com.ar\/index.php?rest_route=%2Fwp%2Fv2%2Fmedia&parent=5330"}],"wp:term":[{"taxonomy":"category","embeddable":true,"href":"https:\/\/arroyitoonline.com.ar\/index.php?rest_route=%2Fwp%2Fv2%2Fcategories&post=5330"},{"taxonomy":"post_tag","embeddable":true,"href":"https:\/\/arroyitoonline.com.ar\/index.php?rest_route=%2Fwp%2Fv2%2Ftags&post=5330"}],"curies":[{"name":"wp","href":"https:\/\/api.w.org\/{rel}","templated":true}]}}