{"id":5335,"date":"2019-08-26T14:30:50","date_gmt":"2019-08-26T14:30:50","guid":{"rendered":"https:\/\/arroyitoonline.com.ar\/?p=5335"},"modified":"2019-08-26T17:17:22","modified_gmt":"2019-08-26T17:17:22","slug":"cuatro-bomberos-de-arroyito-viajaran-a-brasil-y-combatiran-el-incendio-en-el-amazonas","status":"publish","type":"post","link":"https:\/\/arroyitoonline.com.ar\/?p=5335","title":{"rendered":"Cuatro bomberos de Arroyito viajar\u00e1n a Brasil y combatir\u00e1n el incendio en el Amazonas"},"content":{"rendered":"\n<p><strong>Pertenecen a la\nRegional 1 y est\u00e1n en condiciones de partir para trabajar cuando sea requerida\nsu ayuda. Permanecen en alerta.<\/strong><\/p>\n\n\n\n<p>Cuatro bomberos voluntarios de Arroyito est\u00e1n listos y en\ncondiciones de partir hacia Brasil y colaborar en la extinci\u00f3n de los focos de\nincendio desatados en el Amazonas.<\/p>\n\n\n\n<p>Se trata de Manuel S\u00e1nchez, El\u00edas Migiliavaca y Nicol\u00e1s\nLallana quienes estar\u00e1n a cargo del oficial subinspector Sandro Gudi\u00f1o.<\/p>\n\n\n\n<p>Alejandro Sam Sam, jefe del cuerpo activo, en di\u00e1logo con<strong> LA VOZ DE SAN JUSTO<\/strong> inform\u00f3 acerca de esta decisi\u00f3n: <em>&#8220;Arroyito va a participar en caso de ser convocado con cuatro bomberos al igual que la Regional 1. Se anotaron 17 voluntarios provenientes de diferentes cuarteles&#8221;<\/em>.<\/p>\n\n\n\n<p>Asimismo, Sam Sam confirm\u00f3 que <em>&#8220;son 300 los bomberos de C\u00f3rdoba que estar\u00edan en condiciones de\nviajar a Brasil&#8221;<\/em> y que la n\u00f3mina se encuentra en la Canciller\u00eda\nArgentina porque tienen colocada la vacuna contra la fiebre amarilla que es una\nde los requisitos que deben cumplir.<\/p>\n\n\n\n<p><strong>Respondieron a un alerta<\/strong><\/p>\n\n\n\n<p>Sam Sam acot\u00f3 que al cuartel de Arroyito se lo convoca en\nalerta amarilla por parte de la Federaci\u00f3n de Bomberos de la provincia de\nC\u00f3rdoba.<\/p>\n\n\n\n<p>En este sentido, el jefe explic\u00f3 que <em>&#8220;Recibimos la convocatoria solicitando personal disponible y se\ninscribieron ocho bomberos para viajar de los cu\u00e1les se seleccionaron cuatro\nintegrantes del cuerpo activo&#8221;<\/em>, quienes tienen adem\u00e1s una capacitaci\u00f3n\nespecial en manejo en incendios forestales, conocimiento en el manejo de GPS y <em>&#8220;otras cuestiones que en un incendio de\nla magnitud como el que se desat\u00f3 son imprescindibles&#8221;<\/em>.<\/p>\n\n\n\n<p>En cuanto a la partida, a\u00fan no se conoce la fecha: <em>&#8220;La n\u00f3mina ya se envi\u00f3 a la Canciller\u00eda\ny ahora es cuesti\u00f3n que desde el gobierno se d\u00e9 la orden para que estos\nbomberos viajen&#8221;<\/em>. Los costos del viaje ser\u00e1n solventados por el\nEstado.<\/p>\n\n\n\n<p><strong>Hubo predisposici\u00f3n<\/strong><\/p>\n\n\n\n<p>El jefe bomberil resalt\u00f3 que <em>&#8220;no fue dif\u00edcil seleccionar al personal para el viaje porque todos\nten\u00edan las ganas de ayudar en este lamentable incendio&#8221;<\/em>. Y dijo que <em>&#8220;Estamos hablando del Amazonas que es\nel pulm\u00f3n del mundo y que los da\u00f1os a corto plazo lo vamos a ver en el clima.\nHab\u00eda muchos anotados pero nos solicitan 10 d\u00edas de operatividad y a algunos de\nlos bomberos por cuestiones laborales se les complicaba&#8221;<\/em>.<\/p>\n\n\n\n<p><strong>Ir\u00e1n 13 de todo C\u00f3rdoba<\/strong><\/p>\n\n\n\n<p>Los bomberos locales formar\u00e1n parte de un contingente que la\nprovincia de C\u00f3rdoba puso a disposici\u00f3n del gobierno nacional para que ayuden\nen el combate del incendio en el Amazonas. Debido a su continuidad y magnitud, distintos\npa\u00edses lim\u00edtrofes a Brasil, est\u00e1n trabajando y ofrecen ayuda para que se\nmitigue el da\u00f1o en este pulm\u00f3n natural del mundo.<\/p>\n\n\n\n<p>C\u00f3rdoba, en una primera etapa, enviar\u00e1 a un grupo de 13\nbomberos de varios cuarteles de la provincia, entre los que est\u00e1n los de\nArroyito.&nbsp;Una vez que se finalicen con las tramitaciones necesarias,\nel&nbsp;secretario de Gesti\u00f3n de Riesgo Clim\u00e1tico y Cat\u00e1strofe cordob\u00e9s,\nClaudio Vignetta, dijo que ir\u00e1n hacia la ciudad de Buenos Aires para luego\nviajar a Brasil.<\/p>\n\n\n\n<p>La misma actitud tomaron los bomberos de otras partes del pa\u00eds tras un pedido de ayuda efectuado desde el Ministerio de Seguridad de la Naci\u00f3n, a cargo de Patricia Bullrich, lo cual motiv\u00f3 la apertura de una convocatoria extraordinaria de trabajo.<\/p>\n\n\n\n<p>Fuente: La Voz de San Justo.  <\/p>\n\n\n\n<p>Foto de archivo: Arroyito Online. <\/p>\n","protected":false},"excerpt":{"rendered":"<p>Pertenecen a la Regional 1 y est\u00e1n en condiciones de partir para trabajar cuando sea requerida su ayuda. Permanecen en&hellip;<\/p>\n","protected":false},"author":3,"featured_media":5337,"comment_status":"closed","ping_status":"open","sticky":false,"template":"","format":"standard","meta":{"footnotes":""},"categories":[900],"tags":[66,67,836,127,128,129,435,572],"class_list":["post-5335","post","type-post","status-publish","format-standard","has-post-thumbnail","hentry","category-noticias","tag-arroyito","tag-arroyito-cordoba","tag-arroyito-online","tag-bomberos-arroyito","tag-bomberos-de-arroyito","tag-bomberos-voluntarios","tag-incendio","tag-noticias-de-arroyito-y-zona"],"_links":{"self":[{"href":"https:\/\/arroyitoonline.com.ar\/index.php?rest_route=\/wp\/v2\/posts\/5335","targetHints":{"allow":["GET"]}}],"collection":[{"href":"https:\/\/arroyitoonline.com.ar\/index.php?rest_route=\/wp\/v2\/posts"}],"about":[{"href":"https:\/\/arroyitoonline.com.ar\/index.php?rest_route=\/wp\/v2\/types\/post"}],"author":[{"embeddable":true,"href":"https:\/\/arroyitoonline.com.ar\/index.php?rest_route=\/wp\/v2\/users\/3"}],"replies":[{"embeddable":true,"href":"https:\/\/arroyitoonline.com.ar\/index.php?rest_route=%2Fwp%2Fv2%2Fcomments&post=5335"}],"version-history":[{"count":1,"href":"https:\/\/arroyitoonline.com.ar\/index.php?rest_route=\/wp\/v2\/posts\/5335\/revisions"}],"predecessor-version":[{"id":5338,"href":"https:\/\/arroyitoonline.com.ar\/index.php?rest_route=\/wp\/v2\/posts\/5335\/revisions\/5338"}],"wp:featuredmedia":[{"embeddable":true,"href":"https:\/\/arroyitoonline.com.ar\/index.php?rest_route=\/wp\/v2\/media\/5337"}],"wp:attachment":[{"href":"https:\/\/arroyitoonline.com.ar\/index.php?rest_route=%2Fwp%2Fv2%2Fmedia&parent=5335"}],"wp:term":[{"taxonomy":"category","embeddable":true,"href":"https:\/\/arroyitoonline.com.ar\/index.php?rest_route=%2Fwp%2Fv2%2Fcategories&post=5335"},{"taxonomy":"post_tag","embeddable":true,"href":"https:\/\/arroyitoonline.com.ar\/index.php?rest_route=%2Fwp%2Fv2%2Ftags&post=5335"}],"curies":[{"name":"wp","href":"https:\/\/api.w.org\/{rel}","templated":true}]}}