{"id":5343,"date":"2019-08-26T18:48:37","date_gmt":"2019-08-26T18:48:37","guid":{"rendered":"https:\/\/arroyitoonline.com.ar\/?p=5343"},"modified":"2019-08-26T18:49:35","modified_gmt":"2019-08-26T18:49:35","slug":"el-municipio-celebro-el-dia-del-nino-con-gran-concurrencia","status":"publish","type":"post","link":"https:\/\/arroyitoonline.com.ar\/?p=5343","title":{"rendered":"El Municipio celebr\u00f3 el D\u00eda del Ni\u00f1o con gran concurrencia"},"content":{"rendered":"\n<p><strong>En la \u00faltima fiesta de la gesti\u00f3n Cravero, chicos y familias acompa\u00f1aron colmando la explanada de la Casa de la Cultura y la Plaza 25 de Mayo. <\/strong><\/p>\n\n\n\n<p>Ayer, en la explanada de la Casa de la Cultura, sobre calle General Paz, y en toda la Plaza 25 de Mayo, el Municipio concret\u00f3 la \u00faltima fiesta del D\u00eda del Ni\u00f1o de la gesti\u00f3n Cravero. Trabajaron en la organizaci\u00f3n del evento, el CANF Virgen Ni\u00f1a y los centros vecinales.<\/p>\n\n\n\n<p>Desde las 15:00 horas, gran n\u00famero de familias y chicos fue acerc\u00e1ndose al lugar. Cuando llegaban, los asistentes recib\u00edan vouchers, con los que retiraban facturas, gaseosas, golosinas donadas por Arcor y n\u00fameros para el sorteo de juguetes y m\u00e1s de 20 bicicletas aportadas por proveedores de la Municipalidad. <\/p>\n\n\n\n<figure><iframe loading=\"lazy\" src=\"https:\/\/www.facebook.com\/plugins\/post.php?href=https%3A%2F%2Fwww.facebook.com%2Farroyitoonlineoficial%2Fposts%2F2493845294176690&amp;width=500\" width=\"500\" height=\"764\"><\/iframe><\/figure>\n\n\n\n<p>La celebraci\u00f3n tambi\u00e9n estuvo animada por la alegr\u00eda y el color de las payasitas\u00a0y los personajes infantiles a cargo de los alumnos de la Escuela Dr. Dalmacio V\u00e9lez Sarsfield e integrantes de FrikiCon (c\u00f3mics, anim\u00e9 y videojuegos). <\/p>\n\n\n\n<p>Participaron adem\u00e1s, la profesora instructora Valeria Dagatti, quien present\u00f3 una clase de Zumba Kids y los ni\u00f1os de la Academia de baile Pasi\u00f3n Latina. <\/p>\n\n\n\n<p>Sobre la calle V\u00e9lez S\u00e1rsfield se desarrollaron actividades deportivas varias a cargo de la direcci\u00f3n de Deportes del Polideportivo Municipal y se sum\u00f3 al evento Padres en Acci\u00f3n, con maquillaje art\u00edstico.<\/p>\n\n\n\n<p>En el horario central comenz\u00f3\u00a0el show teatral de Alhel\u00ed, una payasa feliz, quien agasaj\u00f3 a todos con su desopilante presentaci\u00f3n. <\/p>\n\n\n\n<p>Fuente: Prensa Municipal. <\/p>\n\n\n\n<p>Fotos: Arroyito Online. <\/p>\n","protected":false},"excerpt":{"rendered":"<p>En la \u00faltima fiesta de la gesti\u00f3n Cravero, chicos y familias acompa\u00f1aron colmando la explanada de la Casa de la&hellip;<\/p>\n","protected":false},"author":3,"featured_media":5344,"comment_status":"closed","ping_status":"open","sticky":false,"template":"","format":"standard","meta":{"footnotes":""},"categories":[962],"tags":[59,66,67,836,170,181,253,372,409,837,527,556,572],"class_list":["post-5343","post","type-post","status-publish","format-standard","has-post-thumbnail","hentry","category-ninez-y-adolescencia","tag-arcor","tag-arroyito","tag-arroyito-cordoba","tag-arroyito-online","tag-centro-de-apoyo-al-nino-y-la-familia","tag-centros-vecinales","tag-cravero","tag-fiesta","tag-guarderia-virgen-nina","tag-lafarina","tag-mauricio-cravero","tag-municipalidad-de-arroyito","tag-noticias-de-arroyito-y-zona"],"_links":{"self":[{"href":"https:\/\/arroyitoonline.com.ar\/index.php?rest_route=\/wp\/v2\/posts\/5343","targetHints":{"allow":["GET"]}}],"collection":[{"href":"https:\/\/arroyitoonline.com.ar\/index.php?rest_route=\/wp\/v2\/posts"}],"about":[{"href":"https:\/\/arroyitoonline.com.ar\/index.php?rest_route=\/wp\/v2\/types\/post"}],"author":[{"embeddable":true,"href":"https:\/\/arroyitoonline.com.ar\/index.php?rest_route=\/wp\/v2\/users\/3"}],"replies":[{"embeddable":true,"href":"https:\/\/arroyitoonline.com.ar\/index.php?rest_route=%2Fwp%2Fv2%2Fcomments&post=5343"}],"version-history":[{"count":2,"href":"https:\/\/arroyitoonline.com.ar\/index.php?rest_route=\/wp\/v2\/posts\/5343\/revisions"}],"predecessor-version":[{"id":5346,"href":"https:\/\/arroyitoonline.com.ar\/index.php?rest_route=\/wp\/v2\/posts\/5343\/revisions\/5346"}],"wp:featuredmedia":[{"embeddable":true,"href":"https:\/\/arroyitoonline.com.ar\/index.php?rest_route=\/wp\/v2\/media\/5344"}],"wp:attachment":[{"href":"https:\/\/arroyitoonline.com.ar\/index.php?rest_route=%2Fwp%2Fv2%2Fmedia&parent=5343"}],"wp:term":[{"taxonomy":"category","embeddable":true,"href":"https:\/\/arroyitoonline.com.ar\/index.php?rest_route=%2Fwp%2Fv2%2Fcategories&post=5343"},{"taxonomy":"post_tag","embeddable":true,"href":"https:\/\/arroyitoonline.com.ar\/index.php?rest_route=%2Fwp%2Fv2%2Ftags&post=5343"}],"curies":[{"name":"wp","href":"https:\/\/api.w.org\/{rel}","templated":true}]}}