{"id":5348,"date":"2019-08-26T19:46:51","date_gmt":"2019-08-26T19:46:51","guid":{"rendered":"https:\/\/arroyitoonline.com.ar\/?p=5348"},"modified":"2019-08-26T19:47:47","modified_gmt":"2019-08-26T19:47:47","slug":"el-descargo-de-la-chica-accidentada-fui-inconsciente-como-todos-en-algun-momento-porque-somos-humanos","status":"publish","type":"post","link":"https:\/\/arroyitoonline.com.ar\/?p=5348","title":{"rendered":"El descargo de la chica accidentada: \u201cFui inconsciente, como todos en alg\u00fan momento, porque somos humanos\u201d"},"content":{"rendered":"\n<p><strong>Catti Cugno conduc\u00eda la\nmoto que ayer choc\u00f3 al Clio sobre la Costanera. <em>\u201cA los opin\u00f3logos estar\u00eda bueno puedan ver la viga en su ojo y no la\npaja en el ojo ajeno\u201d<\/em>, expres\u00f3 la joven en Facebook. <\/strong><\/p>\n\n\n\n<p>Catti Cugno tiene 22 a\u00f1os y, ayer a la tarde, <a href=\"https:\/\/arroyitoonline.com.ar\/info-online\/policiales-online\/giro-en-u-con-su-auto-por-la-costanera-y-fue-chocada-por-una-moto\/\">choc\u00f3 con su moto un Renault Clio<\/a>, sobre la avenida Costanera, en inmediaciones al r\u00edo. La joven fue trasladada por el servicio de emergencias al hospital municipal y le diagnosticaron lesiones reservadas. <\/p>\n\n\n\n<p>A menos de 24 horas del siniestro vial que pudo haberle costado la vida, la chica hizo p\u00fablico un mensaje en su cuenta de la red social Facebook, posteo que acompa\u00f1\u00f3 con la noticia del hecho compartida por <strong>ARROYITO ONLINE<\/strong>. En el texto, Catti reflexiona, no solo sobre la imprudencia al volante, sino tambi\u00e9n en relaci\u00f3n al rol de la tecnolog\u00eda, cuando suceden estos acontecimientos. <\/p>\n\n\n\n<p>En primer lugar, Cugno dio las gracias a quienes se preocuparon y la ayudaron. <em>\u201cTambi\u00e9n quiero agradecer al pibe que me saco fotos cuando estaba atrapada arriba del veh\u00edculo con el cu\u00e1l choqu\u00e9. Espero que si la vida te pone en otro momento as\u00ed puedas usar tus manos para ayudar al pr\u00f3jimo, no para capturar un momento tan horrible que a vos no te llena para nada\u201d<\/em>, se\u00f1al\u00f3 la conductora de la moto, sobre el uso de los tel\u00e9fonos celulares para el registro de im\u00e1genes de sucesos policiales, por sobre la colaboraci\u00f3n con los damnificados, lo cual resulta una situaci\u00f3n com\u00fan pero incomprensible de estos tiempos. <\/p>\n\n\n\n<figure><iframe loading=\"lazy\" src=\"https:\/\/www.facebook.com\/plugins\/post.php?href=https%3A%2F%2Fwww.facebook.com%2Fcatti.cugno%2Fposts%2F2639267036125350&amp;width=500\" width=\"500\" height=\"624\"><\/iframe><\/figure>\n\n\n\n<p>Por su parte, Catti reflexion\u00f3 sobre su imprudencia, ya que no llevaba casco y se declar\u00f3 <em>\u201cuna enferma de la velocidad\u201d<\/em>, pero agreg\u00f3 que <em>\u201cFui inconsciente, como todos en alg\u00fan momento lo fuimos porque somos humanos. Nadie est\u00e1 libre de nada y as\u00ed seas la persona m\u00e1s prudente, algo siempre se te escapa. \u00bfQui\u00e9n no sali\u00f3 borracho conduciendo alguna vez? \u00bfQui\u00e9n no cruz\u00f3 el sem\u00e1foro en rojo pensando que total no lo ve\u00eda nadie o no ven\u00eda nadie? \u00bfQui\u00e9n no sali\u00f3 sin carnet y sin cintur\u00f3n alguna vez? \u00bfSin luz? \u00bfSin casco? \u00bfDe a dos o tres en moto? \u00bfDe a seis o siete en auto bebiendo alcohol? Vamos\u2026 seamos m\u00e1s conscientes en reconocer que no somos nadie para juzgar cuando hasta nosotros mismos caminamos torcidos\u201d<\/em>. <\/p>\n\n\n\n<p>Sobre el final de su texto, la joven remarc\u00f3 que <em>\u201ctodo sucede para ense\u00f1arnos algo en la vida. Y esto me ha ense\u00f1ado mucho\u201d<\/em> y cerr\u00f3 con un consejo: <em>\u201cCu\u00e1ndo manejes no lo hagas s\u00f3lo para vos, sino tambi\u00e9n para los dem\u00e1s\u201d<\/em>.<\/p>\n","protected":false},"excerpt":{"rendered":"<p>Catti Cugno conduc\u00eda la moto que ayer choc\u00f3 al Clio sobre la Costanera. \u201cA los opin\u00f3logos estar\u00eda bueno puedan ver&hellip;<\/p>\n","protected":false},"author":3,"featured_media":5349,"comment_status":"closed","ping_status":"open","sticky":false,"template":"","format":"standard","meta":{"footnotes":""},"categories":[866],"tags":[22,66,67,836,547,572,637,638,825,737],"class_list":["post-5348","post","type-post","status-publish","format-standard","has-post-thumbnail","hentry","category-historias-online","tag-accidente","tag-arroyito","tag-arroyito-cordoba","tag-arroyito-online","tag-motos","tag-noticias-de-arroyito-y-zona","tag-policiales","tag-policiales-arroyito","tag-policiales-online","tag-siniestro-vial"],"_links":{"self":[{"href":"https:\/\/arroyitoonline.com.ar\/index.php?rest_route=\/wp\/v2\/posts\/5348","targetHints":{"allow":["GET"]}}],"collection":[{"href":"https:\/\/arroyitoonline.com.ar\/index.php?rest_route=\/wp\/v2\/posts"}],"about":[{"href":"https:\/\/arroyitoonline.com.ar\/index.php?rest_route=\/wp\/v2\/types\/post"}],"author":[{"embeddable":true,"href":"https:\/\/arroyitoonline.com.ar\/index.php?rest_route=\/wp\/v2\/users\/3"}],"replies":[{"embeddable":true,"href":"https:\/\/arroyitoonline.com.ar\/index.php?rest_route=%2Fwp%2Fv2%2Fcomments&post=5348"}],"version-history":[{"count":2,"href":"https:\/\/arroyitoonline.com.ar\/index.php?rest_route=\/wp\/v2\/posts\/5348\/revisions"}],"predecessor-version":[{"id":5351,"href":"https:\/\/arroyitoonline.com.ar\/index.php?rest_route=\/wp\/v2\/posts\/5348\/revisions\/5351"}],"wp:featuredmedia":[{"embeddable":true,"href":"https:\/\/arroyitoonline.com.ar\/index.php?rest_route=\/wp\/v2\/media\/5349"}],"wp:attachment":[{"href":"https:\/\/arroyitoonline.com.ar\/index.php?rest_route=%2Fwp%2Fv2%2Fmedia&parent=5348"}],"wp:term":[{"taxonomy":"category","embeddable":true,"href":"https:\/\/arroyitoonline.com.ar\/index.php?rest_route=%2Fwp%2Fv2%2Fcategories&post=5348"},{"taxonomy":"post_tag","embeddable":true,"href":"https:\/\/arroyitoonline.com.ar\/index.php?rest_route=%2Fwp%2Fv2%2Ftags&post=5348"}],"curies":[{"name":"wp","href":"https:\/\/api.w.org\/{rel}","templated":true}]}}