{"id":5352,"date":"2019-08-27T03:26:59","date_gmt":"2019-08-27T03:26:59","guid":{"rendered":"https:\/\/arroyitoonline.com.ar\/?p=5352"},"modified":"2019-08-27T14:42:10","modified_gmt":"2019-08-27T14:42:10","slug":"vercelli-que-hubiese-sido-de-arroyito-si-no-se-hubieran-hecho-los-planes-de-viviendas","status":"publish","type":"post","link":"https:\/\/arroyitoonline.com.ar\/?p=5352","title":{"rendered":"Vercelli: &#8220;\u00bfQu\u00e9 hubiese sido de Arroyito si no se hubieran hecho los planes de viviendas?&#8221;"},"content":{"rendered":"\n<p><strong>La f\u00f3rmula oficialista present\u00f3, en un Club de Abuelos desbordado, el programa habitacional Mi Hogar Mi Sue\u00f1o, para la construcci\u00f3n de 600 viviendas municipales, en el caso de que sea gobierno.<\/strong><\/p>\n\n\n\n<p>El mi\u00e9rcoles pasado, en un sal\u00f3n del Club de Abuelos de Arroyito que qued\u00f3 chico, los candidatos a intendente y vice oficialistas, Daniel Lafarina y Viviana Vercelli, ampliaron uno de los ejes de sus promesas de campa\u00f1a.<\/p>\n\n\n\n<p>Se trata del programa habitacional Mi Hogar Mi Sue\u00f1o, que contempla la construcci\u00f3n de viviendas municipales para 600 familias locales, en dos tipolog\u00edas, cuya ejecuci\u00f3n finalizar\u00eda en el plazo de 12 a\u00f1os y ser\u00e1n abonadas a lo largo de 20 a\u00f1os.<\/p>\n\n\n\n<figure class=\"wp-block-embed-facebook wp-block-embed is-type-video is-provider-facebook\"><div class=\"wp-block-embed__wrapper\">\nhttps:\/\/www.facebook.com\/arroyitoonlineoficial\/videos\/626438631183059\/\n<\/div><figcaption><em>Lafarina y Vercelli explican el programa habitacional Mi Hogar Mi Sue\u00f1o, ante un auditorio desbordado<\/em><\/figcaption><\/figure>\n\n\n\n<p>En el inicio de su discurso, el ingeniero expres\u00f3 que <em>&#8220;estamos muy sorprendidos, no esper\u00e1bamos que generara esta concurrencia. Les hablo desde la honestidad y la sinceridad. El programa obedece a una propuesta de campa\u00f1a pol\u00edtica del equipo de Daniel y Viviana. Es el equipo de gesti\u00f3n que est\u00e1 llevando adelante el actual plan de viviendas y es una propuesta para continuar con lo mismo.  Si nos acompa\u00f1an, lo que veamos hoy aqu\u00ed ser\u00e1 una realidad&#8221;<\/em>. <\/p>\n\n\n\n<figure class=\"wp-block-video\"><video height=\"1080\" style=\"aspect-ratio: 1920 \/ 1080;\" width=\"1920\" controls src=\"https:\/\/arroyitoonline.com.ar\/wp-content\/uploads\/2019\/08\/lafarina-presentaci\u00f3n-mi-hogar-mi-sue\u00f1o.mp4\"><\/video><figcaption><em>As\u00ed estaba el Club de Abuelos durante la presentaci\u00f3n<\/em><\/figcaption><\/figure>\n\n\n\n<p>A continuaci\u00f3n, Lafarina llev\u00f3 tranquilidad a las 279 familias que pertenecen a los Planes Casa y Casa Social, <em>&#8220;que van a seguir totalmente en vigencia, que vamos a seguir trabajando al mismo ritmo que lo venimos haciendo para que, en no m\u00e1s de cinco a\u00f1os, la gente que pertenece a los actuales planes pueda disponer de su techo propio&#8221;<\/em>. <\/p>\n\n\n\n<p>Adem\u00e1s, el actual secretario de Obras P\u00fablicas remarc\u00f3: <em>&#8220;Mi Hogar Mi Sue\u00f1o naci\u00f3 en el seno de la actual gesti\u00f3n, que ya lleva m\u00e1s de 360 viviendas construidas, que es la gesti\u00f3n municipal que m\u00e1s viviendas ha construido en la provincia de C\u00f3rdoba y la que puede garantizar que la familia arroyitense pueda acceder, a trav\u00e9s de la Municipalidad, al techo propio&#8221;<\/em>.<\/p>\n\n\n\n<p>Por su parte, Viviana Vercelli se pregunt\u00f3 <em>&#8220;\u00bfQu\u00e9 hubiese sido de Arroyito si no se hubiesen hecho estos planes de viviendas municipales que se vienen haciendo? \u00bfd\u00f3nde estar\u00edan esas 300 y pico de familias ubicadas hoy?&#8221; <\/em>y agreg\u00f3 <em>&#8220;Si somos gobierno, mi compromiso personal desde la funci\u00f3n que me va a tocar como viceintendenta es, en los primeros d\u00edas, empezar a trabajar en que se confeccione y se apruebe la ordenanza para que se lleve a cabo este programa habitacional&#8221;<\/em>.<\/p>\n\n\n\n<p>Luego de la proyecci\u00f3n de un video informativo, Lafarina indic\u00f3: <em>&#8220;La Municipalidad se va a tomar seis meses para que est\u00e9n listas las ordenanzas, mecanismos legales y reglamento interno para que, a partir del 1 de enero, las personas inscriptas puedan estar pagando. El primer a\u00f1o la Municipalidad, a trav\u00e9s del plan, construir\u00e1 y entregar\u00e1 las 12 primeras casas&#8221;<\/em>.<\/p>\n\n\n\n<p>Los \u00fanicos requisitos para quien ingrese al c\u00edrculo son: que tenga residencia m\u00ednima de dos a\u00f1os en Arroyito y que no posea propiedad (casa o terreno) a su nombre.<\/p>\n\n\n\n<p>Las planillas de preinscripci\u00f3n que recibieron los asistentes deben ser completadas y entregadas, desde el 2 de septiembre, en el b\u00fanker de la f\u00f3rmula ubicado en calle San Mart\u00edn, entre V\u00e9lez Sarsfield y Av. Mariano Moreno.<\/p>\n\n\n\n<p>A continuaci\u00f3n, la arquitecta a cargo Alejandra Fabre, de 10 a\u00f1os de profesi\u00f3n con m\u00e1s de 100 obras construidas, brind\u00f3 precisiones t\u00e9cnicas de las dos tipolog\u00edas del programa:<\/p>\n\n\n\n<p><strong>Tipolog\u00eda Mi Sue\u00f1o&nbsp;(300&nbsp;casas)<\/strong><\/p>\n\n\n\n<p>Incluye una vivienda de 35 metros cuadrados emplazada en lote de 140 metros cuadrados; con cocina-comedor (mesada de granito); ba\u00f1o equipado; un dormitorio; revestimiento cer\u00e1mico; carpinter\u00eda de aluminio; puertas placas interiores; pileta de lavar exterior; terminaci\u00f3n con revoque fino; desag\u00fces pluviales y cloacales; vereda perimetral; instalaciones de agua fr\u00eda y caliente, gas, electricidad, televisi\u00f3n por cable y aire acondicionado. Lista para habitarse, llave en mano. Valor total (incluye el terreno): 3.000 bolsas de cemento. Unos $2.300 (siete bolsas de cemento) por mes para adherentes y el doble para propietarios. <\/p>\n\n\n\n<figure class=\"wp-block-image\"><img loading=\"lazy\" decoding=\"async\" width=\"1024\" height=\"766\" src=\"https:\/\/arroyitoonline.com.ar\/wp-content\/uploads\/2019\/08\/programa-mi-sue\u00f1o-1024x766.jpg\" alt=\"\" class=\"wp-image-5356\" srcset=\"https:\/\/arroyitoonline.com.ar\/wp-content\/uploads\/2019\/08\/programa-mi-sue\u00f1o-1024x766.jpg 1024w, https:\/\/arroyitoonline.com.ar\/wp-content\/uploads\/2019\/08\/programa-mi-sue\u00f1o-300x224.jpg 300w, https:\/\/arroyitoonline.com.ar\/wp-content\/uploads\/2019\/08\/programa-mi-sue\u00f1o-768x575.jpg 768w, https:\/\/arroyitoonline.com.ar\/wp-content\/uploads\/2019\/08\/programa-mi-sue\u00f1o.jpg 1080w\" sizes=\"auto, (max-width: 1024px) 100vw, 1024px\" \/><\/figure>\n\n\n\n<p><strong>Tipolog\u00eda Mi Hogar&nbsp;(300&nbsp;unidades&nbsp;habitacionales)<\/strong><\/p>\n\n\n\n<p>Incluye una casa de 60 metros cuadrados emplazada en terreno de 200 metros cuadrados; con cocina-lavadero (mesada de m\u00e1rmol granito, mueble, bacha de acero inoxidable y grifer\u00eda monocomando); estar-comedor; ba\u00f1o equipado; dos dormitorios; revestimiento cer\u00e1mico en ba\u00f1o, cocina y lavadero; carpinter\u00eda de aluminio; puertas placas interiores; terminaci\u00f3n con revoque fino; desag\u00fces pluviales y cloacales; patio lateral apto para cochera; vereda perimetral; instalaciones de agua fr\u00eda y caliente, gas, electricidad, televisi\u00f3n por cable y aire acondicionado. Lista para habitarse, llave en mano. Valor total (incluye el lote): 4.500 bolsas de cemento. Unos $4.800 (15 bolsas de cemento) por mes para adherentes y el doble para propietarios.<\/p>\n\n\n\n<figure class=\"wp-block-image\"><img loading=\"lazy\" decoding=\"async\" width=\"1024\" height=\"767\" src=\"https:\/\/arroyitoonline.com.ar\/wp-content\/uploads\/2019\/08\/programa-mi-hogar-1024x767.jpg\" alt=\"\" class=\"wp-image-5357\" srcset=\"https:\/\/arroyitoonline.com.ar\/wp-content\/uploads\/2019\/08\/programa-mi-hogar-1024x767.jpg 1024w, https:\/\/arroyitoonline.com.ar\/wp-content\/uploads\/2019\/08\/programa-mi-hogar-300x225.jpg 300w, https:\/\/arroyitoonline.com.ar\/wp-content\/uploads\/2019\/08\/programa-mi-hogar-768x575.jpg 768w, https:\/\/arroyitoonline.com.ar\/wp-content\/uploads\/2019\/08\/programa-mi-hogar.jpg 1080w\" sizes=\"auto, (max-width: 1024px) 100vw, 1024px\" \/><\/figure>\n\n\n\n<p>Im\u00e1genes de las tipolog\u00edas: prensa Lafarina. <\/p>\n","protected":false},"excerpt":{"rendered":"<p>La f\u00f3rmula oficialista present\u00f3, en un Club de Abuelos desbordado, el programa habitacional Mi Hogar Mi Sue\u00f1o, para la construcci\u00f3n&hellip;<\/p>\n","protected":false},"author":3,"featured_media":5360,"comment_status":"closed","ping_status":"open","sticky":false,"template":"","format":"standard","meta":{"footnotes":""},"categories":[8],"tags":[66,67,836,837,572,624,625,1017,969,813],"class_list":["post-5352","post","type-post","status-publish","format-standard","has-post-thumbnail","hentry","category-politica","tag-arroyito","tag-arroyito-cordoba","tag-arroyito-online","tag-lafarina","tag-noticias-de-arroyito-y-zona","tag-plan-casa","tag-plan-casa-social","tag-programa-habitacional-mi-hogar-mi-sueno","tag-vercelli","tag-viviendas"],"_links":{"self":[{"href":"https:\/\/arroyitoonline.com.ar\/index.php?rest_route=\/wp\/v2\/posts\/5352","targetHints":{"allow":["GET"]}}],"collection":[{"href":"https:\/\/arroyitoonline.com.ar\/index.php?rest_route=\/wp\/v2\/posts"}],"about":[{"href":"https:\/\/arroyitoonline.com.ar\/index.php?rest_route=\/wp\/v2\/types\/post"}],"author":[{"embeddable":true,"href":"https:\/\/arroyitoonline.com.ar\/index.php?rest_route=\/wp\/v2\/users\/3"}],"replies":[{"embeddable":true,"href":"https:\/\/arroyitoonline.com.ar\/index.php?rest_route=%2Fwp%2Fv2%2Fcomments&post=5352"}],"version-history":[{"count":18,"href":"https:\/\/arroyitoonline.com.ar\/index.php?rest_route=\/wp\/v2\/posts\/5352\/revisions"}],"predecessor-version":[{"id":5381,"href":"https:\/\/arroyitoonline.com.ar\/index.php?rest_route=\/wp\/v2\/posts\/5352\/revisions\/5381"}],"wp:featuredmedia":[{"embeddable":true,"href":"https:\/\/arroyitoonline.com.ar\/index.php?rest_route=\/wp\/v2\/media\/5360"}],"wp:attachment":[{"href":"https:\/\/arroyitoonline.com.ar\/index.php?rest_route=%2Fwp%2Fv2%2Fmedia&parent=5352"}],"wp:term":[{"taxonomy":"category","embeddable":true,"href":"https:\/\/arroyitoonline.com.ar\/index.php?rest_route=%2Fwp%2Fv2%2Fcategories&post=5352"},{"taxonomy":"post_tag","embeddable":true,"href":"https:\/\/arroyitoonline.com.ar\/index.php?rest_route=%2Fwp%2Fv2%2Ftags&post=5352"}],"curies":[{"name":"wp","href":"https:\/\/api.w.org\/{rel}","templated":true}]}}