{"id":5377,"date":"2019-08-27T14:25:02","date_gmt":"2019-08-27T14:25:02","guid":{"rendered":"https:\/\/arroyitoonline.com.ar\/?p=5377"},"modified":"2019-08-27T14:45:03","modified_gmt":"2019-08-27T14:45:03","slug":"juegos-parapanamericanos-lima-2019-la-nadadora-de-arroyito-eli-noriega-es-de-bronce","status":"publish","type":"post","link":"https:\/\/arroyitoonline.com.ar\/?p=5377","title":{"rendered":"Juegos Parapanamericanos Lima 2019: la nadadora de Arroyito Eli Noriega es de bronce"},"content":{"rendered":"\n<p><strong>La atleta local con par\u00e1lisis cerebral logr\u00f3 un hito para el deporte de nuestra ciudad. <\/strong><\/p>\n\n\n\n<p>Ayer a la tarde, en los 50m libres S5 femeninos, la nadadora de Arroyito con par\u00e1lisis cerebral, <a href=\"https:\/\/arroyitoonline.com.ar\/info-online\/infodeporte\/natacion-adaptada-elizabeth-noriega-de-seleccion\/\">Ana Elizabeth Noriega<\/a>, marc\u00f3 43.76, lleg\u00f3 tercera y se colg\u00f3 la medalla de bronce en los Juegos Parapanamericanos de Lima 2019. Mir\u00e1 el momento:<\/p>\n\n\n\n<figure class=\"wp-block-embed-twitter aligncenter wp-block-embed is-type-rich is-provider-twitter\"><div class=\"wp-block-embed__wrapper\">\n<blockquote class=\"twitter-tweet\" data-width=\"550\" data-dnt=\"true\"><p lang=\"es\" dir=\"ltr\">\u00a1MEDALLA DE BRONCE PARA ARGENTINA! \ud83e\udd49\ud83c\udde6\ud83c\uddf7<br><br>En los 50m libres S5 femeninos, Ana Noriega marc\u00f3 43.76 para llegar tercera y colgarse la presea en estos Juegos ParaPanamericanos de Lima 2019. \u00a1GENIA!<a href=\"https:\/\/twitter.com\/hashtag\/DEPORTVenLIMA?src=hash&amp;ref_src=twsrc%5Etfw\">#DEPORTVenLIMA<\/a>\ud83c\udde6\ud83c\uddf7<a href=\"https:\/\/twitter.com\/hashtag\/SomosArgentina?src=hash&amp;ref_src=twsrc%5Etfw\">#SomosArgentina<\/a> <a href=\"https:\/\/t.co\/WniX5K8XC4\">pic.twitter.com\/WniX5K8XC4<\/a><\/p>&mdash; DEPORTV (@canaldeportv) <a href=\"https:\/\/twitter.com\/canaldeportv\/status\/1166122755852558338?ref_src=twsrc%5Etfw\">August 26, 2019<\/a><\/blockquote><script async src=\"https:\/\/platform.twitter.com\/widgets.js\" charset=\"utf-8\"><\/script>\n<\/div><\/figure>\n\n\n\n<p>Luego de conocerse la noticia, familiares, vecinos y conocidos de la atleta manifestaron su orgullo un\u00e1nime, a trav\u00e9s de las redes sociales. <\/p>\n\n\n\n<p>Por su parte, el intendente Mauricio Cravero, saluda y felicita a Eli, a su familia y a todos los que hicieron posible la participaci\u00f3n en estos Juegos, y le desea el mayor de los \u00e9xitos en las pr\u00f3ximas competencias, sabiendo que hoy martes 27 ir\u00e1 por otra medalla en los 100m pecho.\u00a0<\/p>\n\n\n\n<p>\u00a0<em>\u201cMe siento muy orgulloso, una vez m\u00e1s, de que esta maravillosa deportista nos represente a nivel internacional. Todos los arroyitenses estamos muy contentos y seguiremos haciendo fuerza para otro triunfo como el de ayer\u201d<\/em>, se\u00f1al\u00f3 el primer mandatario local y agreg\u00f3 <em>&#8220;Eli es el claro ejemplo de superaci\u00f3n, constancia y perseverancia en el deporte&#8221;<\/em>.<\/p>\n","protected":false},"excerpt":{"rendered":"<p>La atleta local con par\u00e1lisis cerebral logr\u00f3 un hito para el deporte de nuestra ciudad. Ayer a la tarde, en&hellip;<\/p>\n","protected":false},"author":3,"featured_media":5378,"comment_status":"closed","ping_status":"open","sticky":false,"template":"","format":"standard","meta":{"footnotes":""},"categories":[3],"tags":[66,67,836,276,277,566,572],"class_list":["post-5377","post","type-post","status-publish","format-standard","has-post-thumbnail","hentry","category-infodeporte","tag-arroyito","tag-arroyito-cordoba","tag-arroyito-online","tag-deporte","tag-deportes","tag-natacion","tag-noticias-de-arroyito-y-zona"],"_links":{"self":[{"href":"https:\/\/arroyitoonline.com.ar\/index.php?rest_route=\/wp\/v2\/posts\/5377","targetHints":{"allow":["GET"]}}],"collection":[{"href":"https:\/\/arroyitoonline.com.ar\/index.php?rest_route=\/wp\/v2\/posts"}],"about":[{"href":"https:\/\/arroyitoonline.com.ar\/index.php?rest_route=\/wp\/v2\/types\/post"}],"author":[{"embeddable":true,"href":"https:\/\/arroyitoonline.com.ar\/index.php?rest_route=\/wp\/v2\/users\/3"}],"replies":[{"embeddable":true,"href":"https:\/\/arroyitoonline.com.ar\/index.php?rest_route=%2Fwp%2Fv2%2Fcomments&post=5377"}],"version-history":[{"count":2,"href":"https:\/\/arroyitoonline.com.ar\/index.php?rest_route=\/wp\/v2\/posts\/5377\/revisions"}],"predecessor-version":[{"id":5383,"href":"https:\/\/arroyitoonline.com.ar\/index.php?rest_route=\/wp\/v2\/posts\/5377\/revisions\/5383"}],"wp:featuredmedia":[{"embeddable":true,"href":"https:\/\/arroyitoonline.com.ar\/index.php?rest_route=\/wp\/v2\/media\/5378"}],"wp:attachment":[{"href":"https:\/\/arroyitoonline.com.ar\/index.php?rest_route=%2Fwp%2Fv2%2Fmedia&parent=5377"}],"wp:term":[{"taxonomy":"category","embeddable":true,"href":"https:\/\/arroyitoonline.com.ar\/index.php?rest_route=%2Fwp%2Fv2%2Fcategories&post=5377"},{"taxonomy":"post_tag","embeddable":true,"href":"https:\/\/arroyitoonline.com.ar\/index.php?rest_route=%2Fwp%2Fv2%2Ftags&post=5377"}],"curies":[{"name":"wp","href":"https:\/\/api.w.org\/{rel}","templated":true}]}}