{"id":5389,"date":"2019-08-28T13:49:33","date_gmt":"2019-08-28T13:49:33","guid":{"rendered":"https:\/\/arroyitoonline.com.ar\/?p=5389"},"modified":"2019-08-28T13:50:19","modified_gmt":"2019-08-28T13:50:19","slug":"el-municipio-y-pami-firmaron-el-comodato-para-la-puesta-en-marcha-de-la-nueva-sede-local-del-programa-nacional","status":"publish","type":"post","link":"https:\/\/arroyitoonline.com.ar\/?p=5389","title":{"rendered":"El Municipio y PAMI firmaron el comodato para la puesta en marcha de la nueva sede local del programa nacional"},"content":{"rendered":"\n<p><strong>El intendente Cravero y el asesor Jur\u00eddico y director Ejecutivo del PAMI, Ramiro Beverina, se reunieron ayer, en el local alquilado por la Municipalidad. <\/strong><\/p>\n\n\n\n<p>Ayer a la ma\u00f1ana, el intendente municipal Mauricio Cravero acompa\u00f1ado por el secretario de Obras P\u00fablicas Daniel Lafarina, recibi\u00f3 al asesor Jur\u00eddico y director Ejecutivo Programa de Atenci\u00f3n M\u00e9dica Integral (PAMI), Ramiro Beverina.<\/p>\n\n\n\n<p>La llegada a nuestra ciudad del funcionario tuvo como objetivo la firma del comodato entre la entidad nacional y el Municipio, ya que este \u00faltimo alquil\u00f3 un espacio m\u00e1s amplio, para que se mude la sede local de PAMI. En los \u00faltimos meses, la secretar\u00eda de Obras P\u00fablicas se encarg\u00f3 de acondicionarlo para que pueda brindarse mayor confort y calidades para todos los afiliados del Programa. <\/p>\n\n\n\n<p>Cabe destacar que se ultiman detalles para la puesta en marcha del nuevo local ubicado sobre calle Bartolom\u00e9 Mitre 310.<\/p>\n\n\n\n<p>Fuente: Prensa Municipal. <\/p>\n","protected":false},"excerpt":{"rendered":"<p>El intendente Cravero y el asesor Jur\u00eddico y director Ejecutivo del PAMI, Ramiro Beverina, se reunieron ayer, en el local&hellip;<\/p>\n","protected":false},"author":3,"featured_media":5390,"comment_status":"closed","ping_status":"open","sticky":false,"template":"","format":"standard","meta":{"footnotes":""},"categories":[829],"tags":[66,67,836,253,857,837,527,868,555,556,856],"class_list":["post-5389","post","type-post","status-publish","format-standard","has-post-thumbnail","hentry","category-municipales-online","tag-arroyito","tag-arroyito-cordoba","tag-arroyito-online","tag-cravero","tag-gobierno-nacional","tag-lafarina","tag-mauricio-cravero","tag-municipales-online","tag-municipalidad","tag-municipalidad-de-arroyito","tag-pami"],"_links":{"self":[{"href":"https:\/\/arroyitoonline.com.ar\/index.php?rest_route=\/wp\/v2\/posts\/5389","targetHints":{"allow":["GET"]}}],"collection":[{"href":"https:\/\/arroyitoonline.com.ar\/index.php?rest_route=\/wp\/v2\/posts"}],"about":[{"href":"https:\/\/arroyitoonline.com.ar\/index.php?rest_route=\/wp\/v2\/types\/post"}],"author":[{"embeddable":true,"href":"https:\/\/arroyitoonline.com.ar\/index.php?rest_route=\/wp\/v2\/users\/3"}],"replies":[{"embeddable":true,"href":"https:\/\/arroyitoonline.com.ar\/index.php?rest_route=%2Fwp%2Fv2%2Fcomments&post=5389"}],"version-history":[{"count":2,"href":"https:\/\/arroyitoonline.com.ar\/index.php?rest_route=\/wp\/v2\/posts\/5389\/revisions"}],"predecessor-version":[{"id":5392,"href":"https:\/\/arroyitoonline.com.ar\/index.php?rest_route=\/wp\/v2\/posts\/5389\/revisions\/5392"}],"wp:featuredmedia":[{"embeddable":true,"href":"https:\/\/arroyitoonline.com.ar\/index.php?rest_route=\/wp\/v2\/media\/5390"}],"wp:attachment":[{"href":"https:\/\/arroyitoonline.com.ar\/index.php?rest_route=%2Fwp%2Fv2%2Fmedia&parent=5389"}],"wp:term":[{"taxonomy":"category","embeddable":true,"href":"https:\/\/arroyitoonline.com.ar\/index.php?rest_route=%2Fwp%2Fv2%2Fcategories&post=5389"},{"taxonomy":"post_tag","embeddable":true,"href":"https:\/\/arroyitoonline.com.ar\/index.php?rest_route=%2Fwp%2Fv2%2Ftags&post=5389"}],"curies":[{"name":"wp","href":"https:\/\/api.w.org\/{rel}","templated":true}]}}