{"id":5403,"date":"2019-08-29T02:12:42","date_gmt":"2019-08-29T02:12:42","guid":{"rendered":"https:\/\/arroyitoonline.com.ar\/?p=5403"},"modified":"2019-08-29T02:14:45","modified_gmt":"2019-08-29T02:14:45","slug":"eli-noriega-hace-historia-se-colgo-la-segunda-medalla-de-bronce-y-una-presea-de-plata","status":"publish","type":"post","link":"https:\/\/arroyitoonline.com.ar\/?p=5403","title":{"rendered":"Eli Noriega hace historia: se colg\u00f3 la segunda medalla de bronce y una presea de plata"},"content":{"rendered":"\n<p><strong>La atleta local con par\u00e1lisis cerebral logr\u00f3 un nuevo hito para el deporte de nuestra ciudad.<\/strong><\/p>\n\n\n\n<p>Elizabeth Noriega sigue consolidando su brillante actuaci\u00f3n en los Juegos Parapanamericanos Lima 2019. Anoche termin\u00f3 tercera en los 100 metros pecho SB4\/SB5, logrando la obtenci\u00f3n de su segunda medalla de bronce. <\/p>\n\n\n\n<figure class=\"wp-block-embed-twitter wp-block-embed is-type-rich is-provider-twitter\"><div class=\"wp-block-embed__wrapper\">\n<blockquote class=\"twitter-tweet\" data-width=\"550\" data-dnt=\"true\"><p lang=\"es\" dir=\"ltr\">\u00a1MEDALLA DE BRONCE PARA ANA NORIEGA! \ud83e\udd49<br><br>La \ud83c\udde6\ud83c\uddf7 finaliz\u00f3 tercera en los 100 metros pecho SB4\/SB5. \ud83d\udc4f<a href=\"https:\/\/twitter.com\/hashtag\/DEPORTVenLIMA?src=hash&amp;ref_src=twsrc%5Etfw\">#DEPORTVenLIMA<\/a>\ud83c\udde6\ud83c\uddf7<a href=\"https:\/\/twitter.com\/hashtag\/SomosArgentina?src=hash&amp;ref_src=twsrc%5Etfw\">#SomosArgentina<\/a> <a href=\"https:\/\/t.co\/MOcW3ORSqv\">pic.twitter.com\/MOcW3ORSqv<\/a><\/p>&mdash; DEPORTV (@canaldeportv) <a href=\"https:\/\/twitter.com\/canaldeportv\/status\/1166511002269159425?ref_src=twsrc%5Etfw\">August 28, 2019<\/a><\/blockquote><script async src=\"https:\/\/platform.twitter.com\/widgets.js\" charset=\"utf-8\"><\/script>\n<\/div><\/figure>\n\n\n\n<p>Por su parte, la nadadora de Arroyito registr\u00f3 esta tarde, a las 19:28 horas, un tiempo de 1 minuto, 32 segundos y 94 cent\u00e9simas ubic\u00e1ndose en el segundo lugar de los 100 metros libres S5 (S3-S4) qued\u00e1ndose con la medalla de plata.<\/p>\n\n\n\n<figure class=\"wp-block-embed-twitter wp-block-embed is-type-rich is-provider-twitter\"><div class=\"wp-block-embed__wrapper\">\n<blockquote class=\"twitter-tweet\" data-width=\"550\" data-dnt=\"true\"><p lang=\"es\" dir=\"ltr\">\u00a1ANA NORIEGA ES DE PLATA! \ud83e\udd48<br><br>La \ud83c\udde6\ud83c\uddf7 registr\u00f3 un tiempo de 1:32.94 y se ubic\u00f3 en el segundo lugar de los 100 metros libre S5 (S3-S4).<a href=\"https:\/\/twitter.com\/hashtag\/DEPORTVenLIMA?src=hash&amp;ref_src=twsrc%5Etfw\">#DEPORTVenLIMA<\/a>\ud83c\udde6\ud83c\uddf7<a href=\"https:\/\/twitter.com\/hashtag\/SomosArgentina?src=hash&amp;ref_src=twsrc%5Etfw\">#SomosArgentina<\/a> <a href=\"https:\/\/t.co\/HeLNVqH1G0\">pic.twitter.com\/HeLNVqH1G0<\/a><\/p>&mdash; DEPORTV (@canaldeportv) <a href=\"https:\/\/twitter.com\/canaldeportv\/status\/1166844238509854720?ref_src=twsrc%5Etfw\">August 28, 2019<\/a><\/blockquote><script async src=\"https:\/\/platform.twitter.com\/widgets.js\" charset=\"utf-8\"><\/script>\n<\/div><\/figure>\n","protected":false},"excerpt":{"rendered":"<p>La atleta local con par\u00e1lisis cerebral logr\u00f3 un nuevo hito para el deporte de nuestra ciudad. Elizabeth Noriega sigue consolidando&hellip;<\/p>\n","protected":false},"author":3,"featured_media":5405,"comment_status":"closed","ping_status":"open","sticky":false,"template":"","format":"standard","meta":{"footnotes":""},"categories":[3],"tags":[66,67,836,276,277,566,572],"class_list":["post-5403","post","type-post","status-publish","format-standard","has-post-thumbnail","hentry","category-infodeporte","tag-arroyito","tag-arroyito-cordoba","tag-arroyito-online","tag-deporte","tag-deportes","tag-natacion","tag-noticias-de-arroyito-y-zona"],"_links":{"self":[{"href":"https:\/\/arroyitoonline.com.ar\/index.php?rest_route=\/wp\/v2\/posts\/5403","targetHints":{"allow":["GET"]}}],"collection":[{"href":"https:\/\/arroyitoonline.com.ar\/index.php?rest_route=\/wp\/v2\/posts"}],"about":[{"href":"https:\/\/arroyitoonline.com.ar\/index.php?rest_route=\/wp\/v2\/types\/post"}],"author":[{"embeddable":true,"href":"https:\/\/arroyitoonline.com.ar\/index.php?rest_route=\/wp\/v2\/users\/3"}],"replies":[{"embeddable":true,"href":"https:\/\/arroyitoonline.com.ar\/index.php?rest_route=%2Fwp%2Fv2%2Fcomments&post=5403"}],"version-history":[{"count":3,"href":"https:\/\/arroyitoonline.com.ar\/index.php?rest_route=\/wp\/v2\/posts\/5403\/revisions"}],"predecessor-version":[{"id":5412,"href":"https:\/\/arroyitoonline.com.ar\/index.php?rest_route=\/wp\/v2\/posts\/5403\/revisions\/5412"}],"wp:featuredmedia":[{"embeddable":true,"href":"https:\/\/arroyitoonline.com.ar\/index.php?rest_route=\/wp\/v2\/media\/5405"}],"wp:attachment":[{"href":"https:\/\/arroyitoonline.com.ar\/index.php?rest_route=%2Fwp%2Fv2%2Fmedia&parent=5403"}],"wp:term":[{"taxonomy":"category","embeddable":true,"href":"https:\/\/arroyitoonline.com.ar\/index.php?rest_route=%2Fwp%2Fv2%2Fcategories&post=5403"},{"taxonomy":"post_tag","embeddable":true,"href":"https:\/\/arroyitoonline.com.ar\/index.php?rest_route=%2Fwp%2Fv2%2Ftags&post=5403"}],"curies":[{"name":"wp","href":"https:\/\/api.w.org\/{rel}","templated":true}]}}