{"id":5432,"date":"2019-08-30T17:27:43","date_gmt":"2019-08-30T17:27:43","guid":{"rendered":"https:\/\/arroyitoonline.com.ar\/?p=5432"},"modified":"2019-08-30T17:27:45","modified_gmt":"2019-08-30T17:27:45","slug":"abriendo-telones-presenta-las-denfrente","status":"publish","type":"post","link":"https:\/\/arroyitoonline.com.ar\/?p=5432","title":{"rendered":"Abriendo Telones presenta &#8220;Las d\u00b4enfrente&#8221;"},"content":{"rendered":"\n<p><strong>El ciclo teatral que promueve la actividad teatral trae su tercera propuesta, en este caso, en clave de comedia.<\/strong><\/p>\n\n\n\n<p>Este domingo 1 de septiembre, a las 20:00 horas, en el Teatrillo Municipal Jos\u00e9 F. Guarch contin\u00faa el ciclo de teatral Abriendo Telones. En esta oportunidad el grupo de teatro Municipal Fantas\u00eda de Saturnino Mar\u00eda Laspiur presentar\u00e1 la obra c\u00f3mica \u201cLas d\u00b4enfrente\u201d de Federico Mertens, con la direcci\u00f3n de Mirta Moyano.<\/p>\n\n\n\n<figure class=\"wp-block-image\"><img loading=\"lazy\" decoding=\"async\" width=\"1005\" height=\"1024\" src=\"https:\/\/arroyitoonline.com.ar\/wp-content\/uploads\/2019\/08\/las-d-enfrente-1005x1024.jpg\" alt=\"\" class=\"wp-image-5433\" srcset=\"https:\/\/arroyitoonline.com.ar\/wp-content\/uploads\/2019\/08\/las-d-enfrente-1005x1024.jpg 1005w, https:\/\/arroyitoonline.com.ar\/wp-content\/uploads\/2019\/08\/las-d-enfrente-294x300.jpg 294w, https:\/\/arroyitoonline.com.ar\/wp-content\/uploads\/2019\/08\/las-d-enfrente-768x783.jpg 768w, https:\/\/arroyitoonline.com.ar\/wp-content\/uploads\/2019\/08\/las-d-enfrente.jpg 1200w\" sizes=\"auto, (max-width: 1005px) 100vw, 1005px\" \/><figcaption><em>Se trata de la tercera entrega de este ciclo que promueve la actividad teatral<\/em><\/figcaption><\/figure>\n\n\n\n<p>Buenos Aires, 1920. Las mujeres de una familia de clase media viven, respiran, sue\u00f1an e imitan; todo en funci\u00f3n de vivir como lo hacen las de enfrente, en algo que ya se convirti\u00f3 en una obsesi\u00f3n.<\/p>\n\n\n\n<p><strong>Las entradas anticipadas est\u00e1n a la venta, a $ 150, en la Casa de la Cultura.<\/strong><\/p>\n\n\n\n<p>Fuente: Prensa Municipal. <\/p>\n","protected":false},"excerpt":{"rendered":"<p>El ciclo teatral que promueve la actividad teatral trae su tercera propuesta, en este caso, en clave de comedia. Este&hellip;<\/p>\n","protected":false},"author":3,"featured_media":5434,"comment_status":"closed","ping_status":"open","sticky":false,"template":"","format":"standard","meta":{"footnotes":""},"categories":[2],"tags":[66,67,836,259,864,351,755,756],"class_list":["post-5432","post","type-post","status-publish","format-standard","has-post-thumbnail","hentry","category-cultura-y-espectaculos","tag-arroyito","tag-arroyito-cordoba","tag-arroyito-online","tag-cultura","tag-cultura-y-espectaculos-online","tag-espectaculos","tag-teatrillo","tag-teatro"],"_links":{"self":[{"href":"https:\/\/arroyitoonline.com.ar\/index.php?rest_route=\/wp\/v2\/posts\/5432","targetHints":{"allow":["GET"]}}],"collection":[{"href":"https:\/\/arroyitoonline.com.ar\/index.php?rest_route=\/wp\/v2\/posts"}],"about":[{"href":"https:\/\/arroyitoonline.com.ar\/index.php?rest_route=\/wp\/v2\/types\/post"}],"author":[{"embeddable":true,"href":"https:\/\/arroyitoonline.com.ar\/index.php?rest_route=\/wp\/v2\/users\/3"}],"replies":[{"embeddable":true,"href":"https:\/\/arroyitoonline.com.ar\/index.php?rest_route=%2Fwp%2Fv2%2Fcomments&post=5432"}],"version-history":[{"count":1,"href":"https:\/\/arroyitoonline.com.ar\/index.php?rest_route=\/wp\/v2\/posts\/5432\/revisions"}],"predecessor-version":[{"id":5435,"href":"https:\/\/arroyitoonline.com.ar\/index.php?rest_route=\/wp\/v2\/posts\/5432\/revisions\/5435"}],"wp:featuredmedia":[{"embeddable":true,"href":"https:\/\/arroyitoonline.com.ar\/index.php?rest_route=\/wp\/v2\/media\/5434"}],"wp:attachment":[{"href":"https:\/\/arroyitoonline.com.ar\/index.php?rest_route=%2Fwp%2Fv2%2Fmedia&parent=5432"}],"wp:term":[{"taxonomy":"category","embeddable":true,"href":"https:\/\/arroyitoonline.com.ar\/index.php?rest_route=%2Fwp%2Fv2%2Fcategories&post=5432"},{"taxonomy":"post_tag","embeddable":true,"href":"https:\/\/arroyitoonline.com.ar\/index.php?rest_route=%2Fwp%2Fv2%2Ftags&post=5432"}],"curies":[{"name":"wp","href":"https:\/\/api.w.org\/{rel}","templated":true}]}}