{"id":5436,"date":"2019-08-25T17:50:48","date_gmt":"2019-08-25T17:50:48","guid":{"rendered":"https:\/\/arroyitoonline.com.ar\/?p=5436"},"modified":"2019-08-30T17:59:49","modified_gmt":"2019-08-30T17:59:49","slug":"el-dia-naranja-se-conmemoro-en-el-nivel-superior-de-la-velez","status":"publish","type":"post","link":"https:\/\/arroyitoonline.com.ar\/?p=5436","title":{"rendered":"El D\u00eda Naranja se conmemor\u00f3 en el Nivel Superior de la V\u00e9lez"},"content":{"rendered":"\n<p><strong>La moderna sala audiovisual de la escuela fue sede de una charla donde se abordaron diversos aspectos de la violencia contra las mujeres. <\/strong><\/p>\n\n\n\n<p>El jueves 22 de agosto, en el Nivel Superior de la Escuela Dr. Dalmacio V\u00e9lez Sarsfield, el Consejo Municipal de la Mujer desarroll\u00f3 una charla conmemorativa del D\u00eda Naranja (como cada d\u00eda 25, en contra de la violencia de g\u00e9nero). La disertaci\u00f3n estuvo a cargo de la psic\u00f3loga Magal\u00ed Ledesma y la abogada Marcela Palatini, ambas integrantes del Consejo.<\/p>\n\n\n\n<p>A lo largo de la actividad, se desglosaron diferentes temas enfocados en el aspecto psicol\u00f3gico y legal de esta tem\u00e1tica, entre ellos, el concepto de violencia,\u00a0las modalidades y tipos de violencia, el ciclo de la violencia, las herramientas y los recursos legales, los aspectos psicol\u00f3gicos de la mujer en situaci\u00f3n de violencia familiar, entre otros.\u00a0<br><\/p>\n\n\n\n<p>En la oportunidad estuvieron presentes la viceintendente Graciela Tristany, la coordinadora del Consejo de la Mujer Edith Brav\u00edn, la directora anfitriona Cecilia Petit, profesores y alumnos que cursan: enfermer\u00eda profesional, profesorado de ingl\u00e9s, profesorado de lengua, tecnicatura en tecnolog\u00eda de los alimentos y profesorado de matem\u00e1ticas.\u00a0\u00a0<\/p>\n\n\n\n<p>Fuente: Prensa Municipal. <\/p>\n","protected":false},"excerpt":{"rendered":"<p>La moderna sala audiovisual de la escuela fue sede de una charla donde se abordaron diversos aspectos de la violencia&hellip;<\/p>\n","protected":false},"author":3,"featured_media":5437,"comment_status":"closed","ping_status":"open","sticky":false,"template":"","format":"standard","meta":{"footnotes":""},"categories":[877],"tags":[66,67,836,232,292,550,551,878,572,808,809],"class_list":["post-5436","post","type-post","status-publish","format-standard","has-post-thumbnail","hentry","category-noti-mujer-online","tag-arroyito","tag-arroyito-cordoba","tag-arroyito-online","tag-consejo-de-la-mujer","tag-dia-naranja","tag-mujeres","tag-mujeres-arroyito","tag-noti-mujer-online","tag-noticias-de-arroyito-y-zona","tag-violencia","tag-violencia-de-genero"],"_links":{"self":[{"href":"https:\/\/arroyitoonline.com.ar\/index.php?rest_route=\/wp\/v2\/posts\/5436","targetHints":{"allow":["GET"]}}],"collection":[{"href":"https:\/\/arroyitoonline.com.ar\/index.php?rest_route=\/wp\/v2\/posts"}],"about":[{"href":"https:\/\/arroyitoonline.com.ar\/index.php?rest_route=\/wp\/v2\/types\/post"}],"author":[{"embeddable":true,"href":"https:\/\/arroyitoonline.com.ar\/index.php?rest_route=\/wp\/v2\/users\/3"}],"replies":[{"embeddable":true,"href":"https:\/\/arroyitoonline.com.ar\/index.php?rest_route=%2Fwp%2Fv2%2Fcomments&post=5436"}],"version-history":[{"count":1,"href":"https:\/\/arroyitoonline.com.ar\/index.php?rest_route=\/wp\/v2\/posts\/5436\/revisions"}],"predecessor-version":[{"id":5438,"href":"https:\/\/arroyitoonline.com.ar\/index.php?rest_route=\/wp\/v2\/posts\/5436\/revisions\/5438"}],"wp:featuredmedia":[{"embeddable":true,"href":"https:\/\/arroyitoonline.com.ar\/index.php?rest_route=\/wp\/v2\/media\/5437"}],"wp:attachment":[{"href":"https:\/\/arroyitoonline.com.ar\/index.php?rest_route=%2Fwp%2Fv2%2Fmedia&parent=5436"}],"wp:term":[{"taxonomy":"category","embeddable":true,"href":"https:\/\/arroyitoonline.com.ar\/index.php?rest_route=%2Fwp%2Fv2%2Fcategories&post=5436"},{"taxonomy":"post_tag","embeddable":true,"href":"https:\/\/arroyitoonline.com.ar\/index.php?rest_route=%2Fwp%2Fv2%2Ftags&post=5436"}],"curies":[{"name":"wp","href":"https:\/\/api.w.org\/{rel}","templated":true}]}}