{"id":5442,"date":"2019-08-30T18:59:19","date_gmt":"2019-08-30T18:59:19","guid":{"rendered":"https:\/\/arroyitoonline.com.ar\/?p=5442"},"modified":"2019-08-30T19:48:12","modified_gmt":"2019-08-30T19:48:12","slug":"estan-abiertas-las-inscripciones-para-el-programa-de-insercion-profesional","status":"publish","type":"post","link":"https:\/\/arroyitoonline.com.ar\/?p=5442","title":{"rendered":"Est\u00e1n abiertas las inscripciones para el Programa de Inserci\u00f3n Profesional"},"content":{"rendered":"\n<p><strong>Los detalles del PIP\nfueron explicados por los referentes locales de Hacemos Por C\u00f3rdoba, Emiliano\nCostanzo y Emanuel Acosta. <\/strong><\/p>\n\n\n\n<p>El martes pasado, el gobernador Juan Schiaretti formaliz\u00f3 el lanzamiento de la segunda edici\u00f3n del Programa de Inserci\u00f3n Profesional (PIP) que, en esta oportunidad, brindar\u00e1 apoyo a 3.000 profesionales residentes en la provincia, egresados de manera reciente de universidades e instituciones de Educaci\u00f3n Superior, p\u00fablicas y privadas.<\/p>\n\n\n\n<p>El PIP les otorgar\u00e1 a sus beneficiarios la oportunidad de que realicen un per\u00edodo de pr\u00e1ctica laboral\u2013profesional, que les permita ganar en experiencia y que apliquen los conocimientos acad\u00e9micos alcanzados.<\/p>\n\n\n\n<p>As\u00ed lo explic\u00f3 el contador Emiliano Costanzo, referente local\nde Hacemos Por C\u00f3rdoba, a <strong>Arroyito\nOnline<\/strong>, y destac\u00f3 que <em>\u201cel 60% de\nquienes ingresaron a empresas, estudios o consultorios a trav\u00e9s del PIP en\n2018, quedaron efectivos en sus puestos de trabajo\u201d<\/em>. <\/p>\n\n\n\n<p>Adem\u00e1s, el PIP promover\u00e1 la participaci\u00f3n de los beneficiados\nen cursos de capacitaci\u00f3n impartidos por universidades, institutos de Educaci\u00f3n\nSuperior, consejos y colegios profesionales.<\/p>\n\n\n\n<p>Al igual que en los restantes programas de empleo, los\nprofesionales que quieran postularse acudir\u00e1n a las empresas, estudios y\nconsultorios profesionales, ofreciendo sus servicios.<\/p>\n\n\n\n<p><em>\u201cEn nuestra ciudad tenemos importantes recursos humanos y hay que aprovecharlos\u201d<\/em>, dijo a <strong>Arroyito Online<\/strong> el precandidato a intendente Emanuel Acosta y cont\u00f3 su experiencia con el PIP, en el Estudio Jur\u00eddico D\u00edaz Acosta Fabre, del que es socio. All\u00ed se desempe\u00f1a Natalia Lescano, egresada de la carrera de Abogac\u00eda en el Centro de Estudios Universitarios de la Siglo 21, que tiene como sede la Escuela Dr. Dalmacio V\u00e9lez Sarsfield.<\/p>\n\n\n\n<p>Al poco tiempo de que recibiera su t\u00edtulo de grado, la letrada ingres\u00f3 al estudio, luego de que completaran su planilla del programa y hoy, luego de haberse cumplido el plazo de un a\u00f1o de pr\u00e1ctica profesional, qued\u00f3 efectiva en el bufete. Un ejemplo exitoso del PIP. &nbsp;<\/p>\n\n\n\n<p><strong>D\u00f3nde retirar y\npresentar formulario<\/strong><\/p>\n\n\n\n<div class=\"wp-block-file\"><a href=\"https:\/\/arroyitoonline.com.ar\/wp-content\/uploads\/2019\/08\/Formulario-PIP-2019.pdf\">Formulario-PIP-2019<\/a><a href=\"https:\/\/arroyitoonline.com.ar\/wp-content\/uploads\/2019\/08\/Formulario-PIP-2019.pdf\" class=\"wp-block-file__button\" download>Descarga<\/a><\/div>\n\n\n\n<p>Los formularios de inscripci\u00f3n podr\u00e1n retirarse en:<\/p>\n\n\n\n<p>Mesas de Entradas (SUAC) del Gobierno Provincial.<\/p>\n\n\n\n<p>Centros de Desarrollo Regional (CEDER) en el interior\nprovincial.<\/p>\n\n\n\n<p>En otras entidades interesadas que lo requieran, tales como:<\/p>\n\n\n\n<p>Establecimientos educativos Universitarios y de Educaci\u00f3n\nSuperior \u2013 y sus respectivas \u00e1reas de extensi\u00f3n-<\/p>\n\n\n\n<p>Consejos y Colegios Profesionales.<\/p>\n\n\n\n<p>En las C\u00e1maras Empresarias y sus respectivos institutos\nformativos y de investigaci\u00f3n.<\/p>\n\n\n\n<p>Municipios y comunas de la provincia de C\u00f3rdoba.<\/p>\n\n\n\n<p>El formulario podr\u00e1 presentarse en cualquiera de las Mesas de\nEntradas (SUAC) del Gobierno Provincial, tambi\u00e9n podr\u00e1 remitirse a trav\u00e9s de\nCorreo del Interior, sin costo de franqueo, a la Secretar\u00eda de Equidad y\nPromoci\u00f3n del Empleo, Av. Juan B. Justo 3600 \u2013 B\u00b0 Gral. Bustos. CP 5000,\nC\u00f3rdoba Capital.<\/p>\n\n\n\n<p><strong>Destinatarios<\/strong><\/p>\n\n\n\n<p>El programa PIP est\u00e1 destinado a profesionales sin l\u00edmite de\nedad, que hayan egresado hasta 2 (dos) a\u00f1os antes del inicio de las pr\u00e1cticas\nprevistas en el programa.<\/p>\n\n\n\n<p>Para las mujeres con hijos a cargo, el tiempo transcurrido\ndesde su egreso podr\u00e1 ser de hasta 4 (cuatro) a\u00f1os.<\/p>\n\n\n\n<p>Para las personas con discapacidad o trasplantadas, no hay\nl\u00edmite de a\u00f1os respecto a la fecha de egreso.<\/p>\n\n\n\n<p>El Programa alcanza a todos los egresados de:<\/p>\n\n\n\n<p>Universidades p\u00fablicas y privadas con t\u00edtulo de grado con\nreconocimiento oficial.<\/p>\n\n\n\n<p>Instituciones de Educaci\u00f3n Superior en carreras de pregrado\ncon reconocimiento oficial, con una extensi\u00f3n m\u00ednima de dos a\u00f1os y medio.<\/p>\n\n\n\n<p>Los profesionales beneficiarios deber\u00e1n estar matriculados de\nconformidad a las normas legales vigentes.<\/p>\n\n\n\n<p>Estas condiciones se acreditar\u00e1n previo al inicio de la\npr\u00e1ctica laboral.<\/p>\n\n\n\n<p>Asignaci\u00f3n est\u00edmulo<\/p>\n\n\n\n<p>$9.500 mensuales para los profesionales egresados de carreras\nuniversitarias de grado, que realicen 20 horas de pr\u00e1ctica profesional semanal\ny, adem\u00e1s, asistan a cursos de capacitaci\u00f3n de no menos de 100 horas. La\nAsignaci\u00f3n Est\u00edmulo ser\u00e1 de $7.500 mensuales si el beneficiario no realiza la\ncapacitaci\u00f3n profesional.<\/p>\n\n\n\n<p>$8.300 mensuales para los beneficiarios egresados de carreras\nde pregrado de instituciones de Educaci\u00f3n Superior con reconocimiento oficial,\nque realicen 20 horas de pr\u00e1ctica profesional semanal y, adem\u00e1s, asistan a\ncursos de capacitaci\u00f3n de no menos de 100 horas. La Asignaci\u00f3n Est\u00edmulo ser\u00e1\n$6.500 mensuales si el beneficiario no realiza la capacitaci\u00f3n profesional.<\/p>\n\n\n\n<p>La capacitaci\u00f3n profesional podr\u00e1 realizarse en las entidades\nUniversitarias, de Educaci\u00f3n Superior, Consejos y Colegios Profesionales. Otras\nalternativas de capacitaci\u00f3n deber\u00e1n requerir la autorizaci\u00f3n previa de la\nSecretar\u00eda de Equidad y Promoci\u00f3n del Empleo.<\/p>\n\n\n\n<p>Los estudios superiores realizados con posterioridad al\negreso de carreras universitarias de grado o de pregrado, se reconocen como\ncapacitaci\u00f3n profesional, siempre que la carga horaria durante el per\u00edodo de la\npr\u00e1ctica, sea no menor a 100 horas.<\/p>\n\n\n\n<p><strong>Fecha de cobro<\/strong><\/p>\n\n\n\n<p>La fecha del cobro ser\u00e1 el d\u00eda 20 de cada mes o bien el d\u00eda h\u00e1bil\nposterior si la fecha de cobro fuera feriado. Los beneficiarios podr\u00e1n retirar\nsu tarjeta de d\u00e9bito en las Sucursales del Banco de C\u00f3rdoba designada.<\/p>\n\n\n\n<p><strong>Compatibilidades<\/strong><\/p>\n\n\n\n<p>Es compatible con la Asignaci\u00f3n Universal por Hijo (AUH), la\npensi\u00f3n por Discapacidad, o cualquier otra pensi\u00f3n no contributiva, pudiendo\npercibir los dos beneficios.<\/p>\n\n\n\n<p>Es compatible con los subsidios por desempleo.<\/p>\n\n\n\n<p>Es compatible para el postulante inscripto en el Monotributo\nhasta Categor\u00eda C.<\/p>\n\n\n\n<p>Es compatible para el postulante inscripto en el Monotributo\nSocial, Monotributo Eventual y otros similares<\/p>\n\n\n\n<p>Es compatible para los Trabajadores Aut\u00f3nomos categor\u00eda I.<\/p>\n\n\n\n<p>Es compatible con la Tarjeta Social y beneficios similares<\/p>\n\n\n\n<p>Es compatible con la participaci\u00f3n en ediciones anteriores de\nprogramas an\u00e1logos.<\/p>\n\n\n\n<p>Es compatible con la participaci\u00f3n en ediciones anteriores\ndel programa PIP, por un per\u00edodo no superior a los tres meses (las personas con\ndiscapacidad o trasplantadas, s\u00ed pueden superar ese plazo).<\/p>\n\n\n\n<p><strong>Incompatibilidades<\/strong><\/p>\n\n\n\n<p>Es incompatible para personas que no tengan residencia en la\nprovincia de C\u00f3rdoba.<\/p>\n\n\n\n<p>Es incompatible con un empleo en relaci\u00f3n de dependencia.<\/p>\n\n\n\n<p>Es incompatible con la percepci\u00f3n de jubilaciones o pensiones\ncontributivas.<\/p>\n\n\n\n<p>Es incompatible con las pasant\u00edas rentadas de los\nprofesionales universitarios.<\/p>\n\n\n\n<p>Es incompatible con la percepci\u00f3n simult\u00e1nea de programas\nan\u00e1logos.<\/p>\n\n\n\n<p><strong>Cronograma<\/strong><\/p>\n\n\n\n<p>Per\u00edodo de Inscripci\u00f3n: 27 de agosto al 4 de octubre de 2019.<\/p>\n\n\n\n<p>Per\u00edodo de revisi\u00f3n y cruces de bases de datos: 7 al 25 de\noctubre 2019.<\/p>\n\n\n\n<p>Sorteo en Loter\u00eda de C\u00f3rdoba: 28 de octubre de 2019.<\/p>\n\n\n\n<p>Publicaci\u00f3n en la web de sorteados: 29 de octubre de 2019.\n\nEmpiezan la pr\u00e1ctica laboral a partir del 1\u00b0 de\nnoviembre, previa presentaci\u00f3n de las Planillas de Horarios por parte de las\nempresas o Empleadores privados y de constancias de egreso y habilitaci\u00f3n\nprofesional por parte de los beneficiarios.\n\n\n\n<\/p>\n","protected":false},"excerpt":{"rendered":"<p>Los detalles del PIP fueron explicados por los referentes locales de Hacemos Por C\u00f3rdoba, Emiliano Costanzo y Emanuel Acosta. El&hellip;<\/p>\n","protected":false},"author":3,"featured_media":5444,"comment_status":"closed","ping_status":"open","sticky":false,"template":"","format":"standard","meta":{"footnotes":""},"categories":[900],"tags":[955,66,67,836,1019,404,405,1020],"class_list":["post-5442","post","type-post","status-publish","format-standard","has-post-thumbnail","hentry","category-noticias","tag-acosta","tag-arroyito","tag-arroyito-cordoba","tag-arroyito-online","tag-costanzo","tag-gobierno-de-cordoba","tag-gobierno-de-la-provincia","tag-pip"],"_links":{"self":[{"href":"https:\/\/arroyitoonline.com.ar\/index.php?rest_route=\/wp\/v2\/posts\/5442","targetHints":{"allow":["GET"]}}],"collection":[{"href":"https:\/\/arroyitoonline.com.ar\/index.php?rest_route=\/wp\/v2\/posts"}],"about":[{"href":"https:\/\/arroyitoonline.com.ar\/index.php?rest_route=\/wp\/v2\/types\/post"}],"author":[{"embeddable":true,"href":"https:\/\/arroyitoonline.com.ar\/index.php?rest_route=\/wp\/v2\/users\/3"}],"replies":[{"embeddable":true,"href":"https:\/\/arroyitoonline.com.ar\/index.php?rest_route=%2Fwp%2Fv2%2Fcomments&post=5442"}],"version-history":[{"count":5,"href":"https:\/\/arroyitoonline.com.ar\/index.php?rest_route=\/wp\/v2\/posts\/5442\/revisions"}],"predecessor-version":[{"id":5450,"href":"https:\/\/arroyitoonline.com.ar\/index.php?rest_route=\/wp\/v2\/posts\/5442\/revisions\/5450"}],"wp:featuredmedia":[{"embeddable":true,"href":"https:\/\/arroyitoonline.com.ar\/index.php?rest_route=\/wp\/v2\/media\/5444"}],"wp:attachment":[{"href":"https:\/\/arroyitoonline.com.ar\/index.php?rest_route=%2Fwp%2Fv2%2Fmedia&parent=5442"}],"wp:term":[{"taxonomy":"category","embeddable":true,"href":"https:\/\/arroyitoonline.com.ar\/index.php?rest_route=%2Fwp%2Fv2%2Fcategories&post=5442"},{"taxonomy":"post_tag","embeddable":true,"href":"https:\/\/arroyitoonline.com.ar\/index.php?rest_route=%2Fwp%2Fv2%2Ftags&post=5442"}],"curies":[{"name":"wp","href":"https:\/\/api.w.org\/{rel}","templated":true}]}}