{"id":5462,"date":"2019-09-01T19:06:39","date_gmt":"2019-09-01T19:06:39","guid":{"rendered":"https:\/\/arroyitoonline.com.ar\/?p=5462"},"modified":"2019-09-01T19:06:42","modified_gmt":"2019-09-01T19:06:42","slug":"la-amazonia-de-san-justo-una-fuente-de-aire-puro-que-debemos-cuidar","status":"publish","type":"post","link":"https:\/\/arroyitoonline.com.ar\/?p=5462","title":{"rendered":"\u201cLa Amazonia\u201d de San Justo: una fuente de aire puro que debemos cuidar"},"content":{"rendered":"\n<p><strong>LA VOZ DE SAN JUSTO visit\u00f3 el \u00faltimo bosque nativo virgen del departamento: el establecimiento \u00d1a Clides, cerca de La Francia, una reserva natural que convive con campos sembrados. Su propietario, Javier Bergero, inst\u00f3 a tomar conciencia sobre la importancia de su aporte al aire puro de la regi\u00f3n y la necesidad de su conservaci\u00f3n como protecci\u00f3n natural frente a distintos riesgos ambientales.<\/strong><\/p>\n\n\n\n<ul class=\"wp-block-list\"><li>\u00d1a Clides, el \u00faltimo pulm\u00f3n verde para conservar en nuestra regi\u00f3n (Fotos: Emiliano Lavezzini | La Voz de San Justo)<\/li><\/ul>\n\n\n\n<h6 class=\"wp-block-heading\"><strong><em>Por Vanina Panero | La Voz de San Justo<\/em><\/strong><\/h6>\n\n\n\n<p>En medio de los incendios de la Amazonia, el bi\u00f3logo y conservacionista<strong>\u00a0Javier Bergero<\/strong>convoc\u00f3 a los vecinos de San Justo a &#8220;<em>tomar conciencia y cuidar&#8221; <\/em>el \u00faltimo bosque espinal que le queda al departamento y la provincia, siendo el \u00fanico &#8220;pulm\u00f3n verde&#8221; que aporta aire puro a los habitantes de la zona.<\/p>\n\n\n\n<p>El establecimiento\u00a0\u00d1a Clides, ubicado a cinco kil\u00f3metros de la localidad de La Francia, una de las pocas reservas naturales que a\u00fan subsiste en medio de campos agr\u00edcolas en la provincia.\u00a0Son 160 hect\u00e1reas, las \u00faltimas que quedan de bosque nativo virgen, atravesadas por un viejo brazo del cauce del r\u00edo Xanaes donde conviven especies de la flora y la fauna en peligro de extinci\u00f3n.<\/p>\n\n\n\n<p>Se trata de un legado familiar que Javier, junto a sus hermanos y su madre Clide, conservan desde hace m\u00e1s de una d\u00e9cada en su estado original y que\u00a0<strong>LA VOZ DE SAN JUSTO<\/strong>\u00a0recorri\u00f3 para conocer <em>&#8220;desde adentro&#8221;<\/em>.<\/p>\n\n\n\n<h4 class=\"wp-block-heading\"><strong>Una fuente de&nbsp;&#8220;aire puro&#8221;<\/strong><\/h4>\n\n\n\n<p>Esta \u00e1rea de protecci\u00f3n es colindante con otras 90 hect\u00e1reas del bosque nativo que se preserva en la estancia &#8220;La Adela&#8221;, propiedad de Juan Jos\u00e9 Marconetti, que sumadas a los <em>&#8220;peque\u00f1os pulmones&#8221;<\/em> de los campos vecinos alcanzan las 400 hect\u00e1reas de monte.<\/p>\n\n\n\n<p><em>&#8220;Tenemos que cuidarla porque la reserva es de todos, no de una sola familia&#8221;<\/em>,\u00a0advirti\u00f3 Bergero.<\/p>\n\n\n\n<p><em>&#8220;Gracias a esto tenemos un lugar que purifica el aire, que le permite a nuestros hijos respirar aire limpio y ver especies que ya no se ven en otros lugares&#8221;<\/em>,\u00a0rescat\u00f3.<\/p>\n\n\n\n<p>Adem\u00e1s, dijo que estos espacios son fundamentales para la biodiversidad de las especies y a su vez como cortina forestal,\u00a0<em>&#8220;una barrera natural para los vientos y las tormentas&#8221;<\/em>.<\/p>\n\n\n\n<figure class=\"wp-block-image\"><img decoding=\"async\" src=\"http:\/\/cdn.lavozdesanjusto.com.ar\/Imagenes\/Image8496764682784b6b82afcb4c0e3683de.png\" alt=\"\"\/><figcaption><strong><em>El r\u00edo Xanaes atraviesa la reserva natural<\/em><\/strong><\/figcaption><\/figure>\n\n\n\n<p>Bergero manifest\u00f3 que\u00a0<em>&#8220;la quema de \u00e1rboles en el Amazonas va a generar cambios en el clima y en la biodiversidad en todo el mundo y nuestra regi\u00f3n no ser\u00e1 la excepci\u00f3n; esta reserva permitir\u00e1 atenuar en la zona, las consecuencias que puede traer esta tragedia mundial&#8221;<\/em>.<\/p>\n\n\n\n<h4 class=\"wp-block-heading\"><strong>Las amenazas<\/strong><\/h4>\n\n\n\n<p>Con firme convicci\u00f3n ambiental, Bergero,\u00a0quien se ocupa de esta reserva manifest\u00f3 que lejos de los incendios, se ve amenazada por tres factores: la caza, el tr\u00e1fico de aves y el costo econ\u00f3mico que implica su conservaci\u00f3n.<\/p>\n\n\n\n<p><em>&#8220;Si bien es posible que una parte se queme, es muy dif\u00edcil que se incendie en su totalidad, siendo que el r\u00edo act\u00faa como un contrafuego natural del lado norte&#8221;<\/em>,\u00a0explic\u00f3 el ambientalista.<\/p>\n\n\n\n<p>No obstante, manifest\u00f3 que <em>&#8220;hay que prevenir los incendios, hacer contrafuego natural\u00a0y estar siempre atentos para cuidar este espacio de los cazadores y del tr\u00e1fico de aves, que hoy son una amenaza para la fauna de la reserva&#8221;<\/em>.<\/p>\n\n\n\n<p>Para ello,\u00a0Bergero debe viajar desde San Francisco (donde reside), hasta la reserva, lo que implica un gasto mensual <em>&#8220;importante&#8221;<\/em> que muchas veces no alcanza a solventar con el \u00fanico aporte que recibe en la actualidad por parte de Ambiente de la provincia.<\/p>\n\n\n\n<figure class=\"wp-block-image\"><img decoding=\"async\" src=\"http:\/\/cdn.lavozdesanjusto.com.ar\/Imagenes\/Image28e43690d174486bb754482cdc52efb8.png\" alt=\"\"\/><\/figure>\n\n\n\n<blockquote class=\"wp-block-quote is-layout-flow wp-block-quote-is-layout-flow\"><p><em>&#8220;En su momento tuvimos la posibilidad de venderlo, pero no lo hicimos; hoy la situaci\u00f3n econ\u00f3mica es otra y est\u00e1 muy dif\u00edcil conservar todo&#8221;<\/em>, expres\u00f3 Bergero.<\/p><\/blockquote>\n\n\n\n<h4 class=\"wp-block-heading\"><strong>&#8220;Un capital parado&#8221;<\/strong><\/h4>\n\n\n\n<p>El ambientalista plante\u00f3 la necesidad de trabajar en conjunto para evitar que esta reserva desaparezca.<\/p>\n\n\n\n<p><em>&#8220;Es un capital parado que podr\u00eda aprovecharse de muchas maneras&#8221;<\/em>, sostuvo Bergero. Entre las actividades sugiri\u00f3 la visita de escolares o de estudiantes de carreras universitarias ligadas a la biolog\u00eda y el medioambiente.<\/p>\n\n\n\n<p>Este vecino conf\u00eda en las nuevas generaciones, la cuales asegura <em>&#8220;tienen otra cabeza. Creo que hay una concientizaci\u00f3n en los j\u00f3venes acerca del cuidado del medioambiente y particularmente de la importancia que tiene la forestaci\u00f3n, siendo hoy uno de los proyectos m\u00e1s importantes que plantean dentro de las escuelas&#8221;<\/em>, se\u00f1al\u00f3.<\/p>\n\n\n\n<p><em>&#8220;Por eso ser\u00eda importante que puedan visitarla, conocer el lugar y aprender para que sirve, que no son simplemente todos arbolitos&#8221;<\/em>, reflexion\u00f3.<\/p>\n\n\n\n<h4 class=\"wp-block-heading\"><strong>Formar parte del Parque&nbsp;Nacional Ansenuza<\/strong><\/h4>\n\n\n\n<p>Otra de las acciones que considera Bergero ser\u00edan de real importancia para ayudar a conservar esta reserva ser\u00eda incluirla en lo que ser\u00e1 el futuro Parque Nacional Ansenuza teniendo en cuenta que el r\u00edo, act\u00faa como afluente de la laguna y corredor de cientos de especies que llegan a la reserva en busca de refugio.<\/p>\n\n\n\n<h4 class=\"wp-block-heading\"><strong>Convivir con la &#8220;frontera agr\u00edcola&#8221;<\/strong><\/h4>\n\n\n\n<p>La reserva convive en medio de campos agr\u00edcolas de la zona. En este sentido Bergero asegur\u00f3 que\u00a0<em>&#8220;las dos cosas son necesarias, en su justa medida, lo que sucede que la mano del hombre fue excesiva a la hora del desmonte; la avaricia humana pudo m\u00e1s&#8221;<\/em>.<\/p>\n\n\n\n<figure class=\"wp-block-image\"><img decoding=\"async\" src=\"http:\/\/cdn.lavozdesanjusto.com.ar\/Imagenes\/Image22e01224297f4c759fb462287f59140f.png\" alt=\"\"\/><figcaption> <strong><em>Frontera agr\u00edcola. La reserva natural convive con campos sembrados a su alrededor<\/em><\/strong> <\/figcaption><\/figure>\n\n\n\n<p>Bergero asegur\u00f3 ser, como todos los ambientalistas, un <em>&#8220;sobreprotector&#8221;<\/em> de la naturaleza, la que asegura <em>&#8220;act\u00faa por si sola, no necesita que el hombre le agregue ni le quite nada&#8221;<\/em>.<\/p>\n\n\n\n<p><em>&#8220;Mientras menos la toquemos, menos errores vamos a cometer&#8221;<\/em>, asever\u00f3.<\/p>\n\n\n\n<p>En este aspecto, Bergero record\u00f3 el consejo de otro bi\u00f3logo que ante su consulta de c\u00f3mo conservar esta reserva, le sugiri\u00f3 buscar el significado de la palabra <em>&#8220;conservar&#8221; <\/em>en el diccionario.<\/p>\n\n\n\n<p><em>&#8220;Conservar es no tocar, dejar que la naturaleza haga su trabajo y eso debemos hacer&#8221;<\/em>,\u00a0finaliz\u00f3.<\/p>\n\n\n\n<figure class=\"wp-block-image\"><img decoding=\"async\" src=\"http:\/\/cdn.lavozdesanjusto.com.ar\/Imagenes\/Image42bb8b24bd1c4576badd5b1265c717d0.png\" alt=\"\"\/><figcaption><strong><em>Un pulm\u00f3n verde ubicado a cinco kil\u00f3metros de La Francia<\/em><\/strong><\/figcaption><\/figure>\n\n\n\n<h4 class=\"wp-block-heading\"><strong>Un atractivo para bi\u00f3logos&nbsp;de todo el mundo<\/strong><\/h4>\n\n\n\n<p>\u00d1a Clides recibe durante todo el a\u00f1o a bi\u00f3logos de distintas partes del mundo que realizan investigaciones en la reserva. Es que, seg\u00fan explic\u00f3 Bergero es el \u00fanico bosque espinal que sobrevive en la provincia.<\/p>\n\n\n\n<p><em>&#8220;La provincia de C\u00f3rdoba tiene tres tipos de bosques: la selva chaque\u00f1a, llanura pampeana y bosque espinal, todo provienen del norte del pa\u00eds. Este es el \u00fanico bosque espinal virgen que queda en C\u00f3rdoba, por lo que es el normal que vengan los bi\u00f3logos de todo el mundo a hacer investigaciones a la reserva&#8221;<\/em>, manifest\u00f3.<\/p>\n\n\n\n<p><em>&#8220;Casi todas las especies son aut\u00f3ctonas aunque por la particularidad de ser atravesada por un r\u00edo, que desemboca en la Laguna Mar Chiquita, hace que muchos animales de este espejo de agua bajen a la reserva&#8221;<\/em>.<\/p>\n\n\n\n<p>Entre la fauna que se puede encontrar en el lugar se encuentran el pecar\u00ed de collar, carpincho, nutrias, zorros, gatos montes (las tres especies), pumas, tat\u00fa carreta, liebre aut\u00f3ctona peludos, iguanas, etc. Se han visto tambi\u00e9n m\u00e1s de 500 especies de aves y&nbsp;v\u00edboras como yarar\u00e1, de la cruz, coral, cascabel, entre otras.<\/p>\n\n\n\n<p>Tambi\u00e9n peces como pejerrey, tararira, moncholo y carpas, as\u00ed como algunos mam\u00edferos en peligro de extinci\u00f3n.<\/p>\n\n\n\n<p>En lo que hace a la flora, se destacan espinillos, aromitos y algarrobos, entre los m\u00e1s antiguos, uno de 800 a\u00f1os.<\/p>\n\n\n\n<figure class=\"wp-block-image\"><img decoding=\"async\" src=\"http:\/\/cdn.lavozdesanjusto.com.ar\/Imagenes\/Imageb564c3e1f05945c68fa5741b9f4c0fbc.png\" alt=\"\"\/><figcaption><strong><em>Parte de la rica flora del lugar\u00a0<\/em><\/strong> <\/figcaption><\/figure>\n\n\n\n<p><strong>El camino de acceso, una materia pendiente<\/strong><\/p>\n\n\n\n<p>Bergero reclam\u00f3 por el estado del camino de acceso a la reserva, que hoy se ha convertido en una necesidad siendo que los d\u00edas de lluvia se vuelve <em>&#8220;intransitable&#8221;<\/em>. <em>&#8220;Caen dos mil\u00edmetros y parece una olla&#8221;<\/em>, sostuvo Bergero.<\/p>\n\n\n\n<p><em>&#8220;La caza furtiva y el tr\u00e1fico de aves son temas dificultosos; es una zona muy dif\u00edcil de controlar y queda a tras mano de Balnearia y Miramar donde se encuentran los guardafaunas, por lo que construir un buen camino de acceso facilitar\u00eda mucho el control&#8221;<\/em>,\u00a0sostuvo.<\/p>\n\n\n\n<p>Fuente: LA VOZ DE SAN JUSTO.<\/p>\n","protected":false},"excerpt":{"rendered":"<p>LA VOZ DE SAN JUSTO visit\u00f3 el \u00faltimo bosque nativo virgen del departamento: el establecimiento \u00d1a Clides, cerca de La&hellip;<\/p>\n","protected":false},"author":3,"featured_media":5463,"comment_status":"closed","ping_status":"open","sticky":false,"template":"","format":"standard","meta":{"footnotes":""},"categories":[913,845],"tags":[58,66,67,836,258,528,572],"class_list":["post-5462","post","type-post","status-publish","format-standard","has-post-thumbnail","hentry","category-medio-ambiente","category-regionales-online","tag-arboles","tag-arroyito","tag-arroyito-cordoba","tag-arroyito-online","tag-cuidado-del-medio-ambiente","tag-medio-ambiente","tag-noticias-de-arroyito-y-zona"],"_links":{"self":[{"href":"https:\/\/arroyitoonline.com.ar\/index.php?rest_route=\/wp\/v2\/posts\/5462","targetHints":{"allow":["GET"]}}],"collection":[{"href":"https:\/\/arroyitoonline.com.ar\/index.php?rest_route=\/wp\/v2\/posts"}],"about":[{"href":"https:\/\/arroyitoonline.com.ar\/index.php?rest_route=\/wp\/v2\/types\/post"}],"author":[{"embeddable":true,"href":"https:\/\/arroyitoonline.com.ar\/index.php?rest_route=\/wp\/v2\/users\/3"}],"replies":[{"embeddable":true,"href":"https:\/\/arroyitoonline.com.ar\/index.php?rest_route=%2Fwp%2Fv2%2Fcomments&post=5462"}],"version-history":[{"count":1,"href":"https:\/\/arroyitoonline.com.ar\/index.php?rest_route=\/wp\/v2\/posts\/5462\/revisions"}],"predecessor-version":[{"id":5464,"href":"https:\/\/arroyitoonline.com.ar\/index.php?rest_route=\/wp\/v2\/posts\/5462\/revisions\/5464"}],"wp:featuredmedia":[{"embeddable":true,"href":"https:\/\/arroyitoonline.com.ar\/index.php?rest_route=\/wp\/v2\/media\/5463"}],"wp:attachment":[{"href":"https:\/\/arroyitoonline.com.ar\/index.php?rest_route=%2Fwp%2Fv2%2Fmedia&parent=5462"}],"wp:term":[{"taxonomy":"category","embeddable":true,"href":"https:\/\/arroyitoonline.com.ar\/index.php?rest_route=%2Fwp%2Fv2%2Fcategories&post=5462"},{"taxonomy":"post_tag","embeddable":true,"href":"https:\/\/arroyitoonline.com.ar\/index.php?rest_route=%2Fwp%2Fv2%2Ftags&post=5462"}],"curies":[{"name":"wp","href":"https:\/\/api.w.org\/{rel}","templated":true}]}}