{"id":5471,"date":"2019-09-02T13:54:57","date_gmt":"2019-09-02T13:54:57","guid":{"rendered":"https:\/\/arroyitoonline.com.ar\/?p=5471"},"modified":"2019-09-02T13:54:59","modified_gmt":"2019-09-02T13:54:59","slug":"tiene-15-anos-choco-con-su-moto-y-resulto-herido","status":"publish","type":"post","link":"https:\/\/arroyitoonline.com.ar\/?p=5471","title":{"rendered":"Tiene 15 a\u00f1os, choc\u00f3 con su moto y result\u00f3 herido"},"content":{"rendered":"\n<p><strong>Colision\u00f3 con una Kangoo. El menor presenta lesiones reservadas. El acompa\u00f1ante, de 17, fue diagnosticado con escoriaciones leves. <\/strong><\/p>\n\n\n\n<p>El s\u00e1bado a las 19:30 horas se produjo un accidente de tr\u00e1nsito en la intersecci\u00f3n de las calles Urquiza y Pacifico Giusti.<\/p>\n\n\n\n<p>Un hombre (78) de Arroyito conduc\u00eda su Renault Kangoo color gris por calle Urquiza, en sentido de este a oeste y, por causas que tratan de establecerse, colision\u00f3 con una moto Gillera 110 cc de color negra, manejada por un menor (15), que andaba acompa\u00f1ado por otro chico (17), ambos de esta ciudad, quienes circulaban por Giusti en sentido de norte a sur. <\/p>\n\n\n\n<p>Al sector lleg\u00f3 el servicio de emergencias, trasladando a los ocupantes del rodado menor al Hospital Municipal local, donde fueron asistidos, diagnostic\u00e1ndoles al conductor lesiones reservadas y al acompa\u00f1ante escoriaciones leves. Se iniciaron las correspondientes actuaciones sumariales.<\/p>\n\n\n\n<p>Fuente: oficial Principal Jesica Paz, a cargo de la Base Operativa Sur Suboficial Principal Gustavo Carlos D\u00edaz.  <\/p>\n","protected":false},"excerpt":{"rendered":"<p>Colision\u00f3 con una Kangoo. El menor presenta lesiones reservadas. El acompa\u00f1ante, de 17, fue diagnosticado con escoriaciones leves. El s\u00e1bado&hellip;<\/p>\n","protected":false},"author":3,"featured_media":2727,"comment_status":"closed","ping_status":"open","sticky":false,"template":"","format":"standard","meta":{"footnotes":""},"categories":[824],"tags":[22,23,66,67,836,530,547,635,637,638,825],"class_list":["post-5471","post","type-post","status-publish","format-standard","has-post-thumbnail","hentry","category-policiales-online","tag-accidente","tag-accidentes","tag-arroyito","tag-arroyito-cordoba","tag-arroyito-online","tag-menores","tag-motos","tag-policia","tag-policiales","tag-policiales-arroyito","tag-policiales-online"],"_links":{"self":[{"href":"https:\/\/arroyitoonline.com.ar\/index.php?rest_route=\/wp\/v2\/posts\/5471","targetHints":{"allow":["GET"]}}],"collection":[{"href":"https:\/\/arroyitoonline.com.ar\/index.php?rest_route=\/wp\/v2\/posts"}],"about":[{"href":"https:\/\/arroyitoonline.com.ar\/index.php?rest_route=\/wp\/v2\/types\/post"}],"author":[{"embeddable":true,"href":"https:\/\/arroyitoonline.com.ar\/index.php?rest_route=\/wp\/v2\/users\/3"}],"replies":[{"embeddable":true,"href":"https:\/\/arroyitoonline.com.ar\/index.php?rest_route=%2Fwp%2Fv2%2Fcomments&post=5471"}],"version-history":[{"count":1,"href":"https:\/\/arroyitoonline.com.ar\/index.php?rest_route=\/wp\/v2\/posts\/5471\/revisions"}],"predecessor-version":[{"id":5472,"href":"https:\/\/arroyitoonline.com.ar\/index.php?rest_route=\/wp\/v2\/posts\/5471\/revisions\/5472"}],"wp:featuredmedia":[{"embeddable":true,"href":"https:\/\/arroyitoonline.com.ar\/index.php?rest_route=\/wp\/v2\/media\/2727"}],"wp:attachment":[{"href":"https:\/\/arroyitoonline.com.ar\/index.php?rest_route=%2Fwp%2Fv2%2Fmedia&parent=5471"}],"wp:term":[{"taxonomy":"category","embeddable":true,"href":"https:\/\/arroyitoonline.com.ar\/index.php?rest_route=%2Fwp%2Fv2%2Fcategories&post=5471"},{"taxonomy":"post_tag","embeddable":true,"href":"https:\/\/arroyitoonline.com.ar\/index.php?rest_route=%2Fwp%2Fv2%2Ftags&post=5471"}],"curies":[{"name":"wp","href":"https:\/\/api.w.org\/{rel}","templated":true}]}}