{"id":5486,"date":"2019-09-02T11:03:05","date_gmt":"2019-09-02T11:03:05","guid":{"rendered":"https:\/\/arroyitoonline.com.ar\/?p=5486"},"modified":"2019-09-02T19:03:22","modified_gmt":"2019-09-02T19:03:22","slug":"abriendo-telones-la-obra-las-denfrente-se-presento-con-gran-exito","status":"publish","type":"post","link":"https:\/\/arroyitoonline.com.ar\/?p=5486","title":{"rendered":"Abriendo Telones: la obra Las D\u00b4enfrente se present\u00f3 con gran \u00e9xito"},"content":{"rendered":"\n<p><strong>El p\u00fablico aplaudi\u00f3 de pi\u00e9 la presentaci\u00f3n del elenco Fantas\u00eda de Saturnino Mar\u00eda Laspiur.<\/strong><\/p>\n\n\n\n<p>Ayer se realiz\u00f3 la tercera edici\u00f3n del ciclo Abriendo Telones, en el Teatrillo Municipal Jos\u00e9 Francisco Guarch, con la presentaci\u00f3n de la obra Las D\u2019enfrente.<\/p>\n\n\n\n<p>El elenco Fantas\u00eda de Saturnino Mar\u00eda Laspiur\u00a0fue aplaudido de pi\u00e9 por el p\u00fablico, y su directora Mitra Moyano agradeci\u00f3 a todos los que apoyan al teatro y lo mantienen vivo: elencos, salas, directores, actores, escritores y asistentes.<\/p>\n\n\n\n<p>Buenos Aires, 1920. Las mujeres de una familia de clase media viven, respiran, sue\u00f1an e imitan; todo en funci\u00f3n de vivir como lo hacen las de enfrente, en algo que ya se convirti\u00f3 en una obsesi\u00f3n. Una ventana indiscreta que se abre en una casa de familia de clase media: voces de un nuevo d\u00eda: rezongos, protestas, alegr\u00edas y pesares se suceden incansablemente, y aparece en escena el deseo de ser \u201cm\u00e1s\u201d que los otros, esos de enfrente, los vecinos, los rivales. Apariencias, siempre las apariencias en personajes de comedia que se construyen a partir de la vida de los otros, la vida de \u201cellos\u201d como modelo. Y como un esp\u00eda privilegiado, el p\u00fablico tambi\u00e9n ingresa en esas vidas por esa misma ventana para ser testigos desde enfrente. El teatro como espejo doble, el teatro dentro del teatro\u201d, dice la sinopsis de esta obra, de autor\u00eda de Federico Mertens.<\/p>\n\n\n\n<p>Pronto llegar\u00e1n nuevas obras teatrales que se presentar\u00e1n en el marco de este ciclo, pero ya adelantaron que habr\u00e1 elencos locales. <\/p>\n\n\n\n<p>Fuente: Prensa Municipal. <\/p>\n","protected":false},"excerpt":{"rendered":"<p>El p\u00fablico aplaudi\u00f3 de pi\u00e9 la presentaci\u00f3n del elenco Fantas\u00eda de Saturnino Mar\u00eda Laspiur. Ayer se realiz\u00f3 la tercera edici\u00f3n&hellip;<\/p>\n","protected":false},"author":3,"featured_media":5487,"comment_status":"closed","ping_status":"open","sticky":false,"template":"","format":"standard","meta":{"footnotes":""},"categories":[2],"tags":[1004,66,67,836,158,259,864,572,755,756],"class_list":["post-5486","post","type-post","status-publish","format-standard","has-post-thumbnail","hentry","category-cultura-y-espectaculos","tag-abriendo-telones","tag-arroyito","tag-arroyito-cordoba","tag-arroyito-online","tag-casa-de-la-cultura","tag-cultura","tag-cultura-y-espectaculos-online","tag-noticias-de-arroyito-y-zona","tag-teatrillo","tag-teatro"],"_links":{"self":[{"href":"https:\/\/arroyitoonline.com.ar\/index.php?rest_route=\/wp\/v2\/posts\/5486","targetHints":{"allow":["GET"]}}],"collection":[{"href":"https:\/\/arroyitoonline.com.ar\/index.php?rest_route=\/wp\/v2\/posts"}],"about":[{"href":"https:\/\/arroyitoonline.com.ar\/index.php?rest_route=\/wp\/v2\/types\/post"}],"author":[{"embeddable":true,"href":"https:\/\/arroyitoonline.com.ar\/index.php?rest_route=\/wp\/v2\/users\/3"}],"replies":[{"embeddable":true,"href":"https:\/\/arroyitoonline.com.ar\/index.php?rest_route=%2Fwp%2Fv2%2Fcomments&post=5486"}],"version-history":[{"count":1,"href":"https:\/\/arroyitoonline.com.ar\/index.php?rest_route=\/wp\/v2\/posts\/5486\/revisions"}],"predecessor-version":[{"id":5488,"href":"https:\/\/arroyitoonline.com.ar\/index.php?rest_route=\/wp\/v2\/posts\/5486\/revisions\/5488"}],"wp:featuredmedia":[{"embeddable":true,"href":"https:\/\/arroyitoonline.com.ar\/index.php?rest_route=\/wp\/v2\/media\/5487"}],"wp:attachment":[{"href":"https:\/\/arroyitoonline.com.ar\/index.php?rest_route=%2Fwp%2Fv2%2Fmedia&parent=5486"}],"wp:term":[{"taxonomy":"category","embeddable":true,"href":"https:\/\/arroyitoonline.com.ar\/index.php?rest_route=%2Fwp%2Fv2%2Fcategories&post=5486"},{"taxonomy":"post_tag","embeddable":true,"href":"https:\/\/arroyitoonline.com.ar\/index.php?rest_route=%2Fwp%2Fv2%2Ftags&post=5486"}],"curies":[{"name":"wp","href":"https:\/\/api.w.org\/{rel}","templated":true}]}}