{"id":5489,"date":"2019-09-02T12:08:05","date_gmt":"2019-09-02T12:08:05","guid":{"rendered":"https:\/\/arroyitoonline.com.ar\/?p=5489"},"modified":"2019-09-02T19:21:35","modified_gmt":"2019-09-02T19:21:35","slug":"llega-el-conversatorio-africa-en-cordoba-esclavitud-resistencia-y-mestizaje","status":"publish","type":"post","link":"https:\/\/arroyitoonline.com.ar\/?p=5489","title":{"rendered":"Llega el conversatorio &#8220;\u00c1frica en C\u00f3rdoba: esclavitud, resistencia y mestizaje&#8221;"},"content":{"rendered":"\n<p><strong>El Auditorio Coral Municipal ser\u00e1 sede de este evento a cargo de Marcos Carrizo, autor del libro, historiador y docente de la UNC.<\/strong><\/p>\n\n\n\n<p>En el marco del ciclo cultural 2019 &#8220;Valorizando qui\u00e9nes somos&#8221; Pueblo, cultura y arte, esta noche a las 20:30 horas, en el Auditorio Coral (Rivadavia 350, patio de la Casa de la Cultura), el Museo Hist\u00f3rico Municipal Jos\u00e9 D. Mercado desarrollar\u00e1 el Conversatorio y presentaci\u00f3n del libro&nbsp;<strong>\u201c\u00c1frica en C\u00f3rdoba: Esclavitud resistencia y mestizaje\u201d<\/strong>.<\/p>\n\n\n\n<figure class=\"wp-block-image\"><img loading=\"lazy\" decoding=\"async\" width=\"960\" height=\"564\" src=\"https:\/\/arroyitoonline.com.ar\/wp-content\/uploads\/2019\/09\/\u00e1frica-en-c\u00f3rdoba.jpg\" alt=\"\" class=\"wp-image-5490\" srcset=\"https:\/\/arroyitoonline.com.ar\/wp-content\/uploads\/2019\/09\/\u00e1frica-en-c\u00f3rdoba.jpg 960w, https:\/\/arroyitoonline.com.ar\/wp-content\/uploads\/2019\/09\/\u00e1frica-en-c\u00f3rdoba-300x176.jpg 300w, https:\/\/arroyitoonline.com.ar\/wp-content\/uploads\/2019\/09\/\u00e1frica-en-c\u00f3rdoba-768x451.jpg 768w\" sizes=\"auto, (max-width: 960px) 100vw, 960px\" \/><figcaption><em>La invitaci\u00f3n al conversatorio<\/em><\/figcaption><\/figure>\n\n\n\n<p>La actividad estar\u00e1 a cargo de Marcos Javier Carrizo, historiador y docente de la Universidad Nacional de C\u00f3rdoba (UNC). El disertante public\u00f3 su primer trabajo \u201cC\u00f3rdoba Morena\u201d en 2010 y, hace poco fue editado su segundo material \u201c\u00c1frica en C\u00f3rdoba\u201d. En este \u00faltimo pretende realizar una s\u00edntesis de la historia de la poblaci\u00f3n africana y afro descendiente en la provincia y analizar el caso de la esclavitud, la invisibilizaci\u00f3n de lo afro y la permanencia de este colectivo social. Se indagar\u00e1 sobre:<\/p>\n\n\n\n<p><em>\u00bfCu\u00e1l fue el rol de C\u00f3rdoba en el proceso de esclavitud?<\/em><\/p>\n\n\n\n<p><em>\u00bfQu\u00e9 tipo de ocupaciones ten\u00edan los afro descendientes?<\/em><\/p>\n\n\n\n<p><em>\u00bfQu\u00e9 pas\u00f3 con la poblaci\u00f3n negra?<\/em><\/p>\n\n\n\n<p>La entrada al evento, que cuenta con la certificaci\u00f3n de la Universidad Popular, ser\u00e1 libre y gratuita.<\/p>\n\n\n\n<p>Fuente: Prensa Municipal. <\/p>\n","protected":false},"excerpt":{"rendered":"<p>El Auditorio Coral Municipal ser\u00e1 sede de este evento a cargo de Marcos Carrizo, autor del libro, historiador y docente&hellip;<\/p>\n","protected":false},"author":3,"featured_media":5491,"comment_status":"closed","ping_status":"open","sticky":false,"template":"","format":"standard","meta":{"footnotes":""},"categories":[2],"tags":[],"class_list":["post-5489","post","type-post","status-publish","format-standard","has-post-thumbnail","hentry","category-cultura-y-espectaculos"],"_links":{"self":[{"href":"https:\/\/arroyitoonline.com.ar\/index.php?rest_route=\/wp\/v2\/posts\/5489","targetHints":{"allow":["GET"]}}],"collection":[{"href":"https:\/\/arroyitoonline.com.ar\/index.php?rest_route=\/wp\/v2\/posts"}],"about":[{"href":"https:\/\/arroyitoonline.com.ar\/index.php?rest_route=\/wp\/v2\/types\/post"}],"author":[{"embeddable":true,"href":"https:\/\/arroyitoonline.com.ar\/index.php?rest_route=\/wp\/v2\/users\/3"}],"replies":[{"embeddable":true,"href":"https:\/\/arroyitoonline.com.ar\/index.php?rest_route=%2Fwp%2Fv2%2Fcomments&post=5489"}],"version-history":[{"count":2,"href":"https:\/\/arroyitoonline.com.ar\/index.php?rest_route=\/wp\/v2\/posts\/5489\/revisions"}],"predecessor-version":[{"id":5493,"href":"https:\/\/arroyitoonline.com.ar\/index.php?rest_route=\/wp\/v2\/posts\/5489\/revisions\/5493"}],"wp:featuredmedia":[{"embeddable":true,"href":"https:\/\/arroyitoonline.com.ar\/index.php?rest_route=\/wp\/v2\/media\/5491"}],"wp:attachment":[{"href":"https:\/\/arroyitoonline.com.ar\/index.php?rest_route=%2Fwp%2Fv2%2Fmedia&parent=5489"}],"wp:term":[{"taxonomy":"category","embeddable":true,"href":"https:\/\/arroyitoonline.com.ar\/index.php?rest_route=%2Fwp%2Fv2%2Fcategories&post=5489"},{"taxonomy":"post_tag","embeddable":true,"href":"https:\/\/arroyitoonline.com.ar\/index.php?rest_route=%2Fwp%2Fv2%2Ftags&post=5489"}],"curies":[{"name":"wp","href":"https:\/\/api.w.org\/{rel}","templated":true}]}}