{"id":5500,"date":"2019-09-04T12:37:13","date_gmt":"2019-09-04T12:37:13","guid":{"rendered":"https:\/\/arroyitoonline.com.ar\/?p=5500"},"modified":"2019-09-04T12:38:26","modified_gmt":"2019-09-04T12:38:26","slug":"fallecio-el-medico-jorge-ontiveros","status":"publish","type":"post","link":"https:\/\/arroyitoonline.com.ar\/?p=5500","title":{"rendered":"Falleci\u00f3 el m\u00e9dico Jorge Ontiveros"},"content":{"rendered":"\n<p><strong>Seg\u00fan lo confirm\u00f3 la Polic\u00eda, el cardi\u00f3logo de 80 a\u00f1os se quit\u00f3 la vida.<\/strong><\/p>\n\n\n\n<p>Ayer a las 12:30 horas, la Polic\u00eda local tom\u00f3 conocimiento de que, en un domicilio de Arroyito, sobre calle Belgrano al 700 aproximadamente, un hombre de 80 a\u00f1os se quit\u00f3 la vida utilizando un arma de fuego.<\/p>\n\n\n\n<p>Se hizo presente en el lugar la fiscal de Instrucci\u00f3n local y luego Polic\u00eda Judicial de la ciudad de San Francisco, quienes efectuaron las pericias necesarias y trasladaron el cuerpo a morgue, para la realizaci\u00f3n de la correspondiente autopsia.<\/p>\n\n\n\n<p>Luego, el informe necrol\u00f3gico confirm\u00f3 la identidad del fallecido, trat\u00e1ndose del m\u00e9dico Jorge Ontiveros. Sus restos mortales son velados en salas de Av. M. Moreno esquina Rafael Bianchi.<\/p>\n\n\n\n<p>El sepelio ser\u00e1 hoy mi\u00e9rcoles 4 a las 17:30 horas en el cementerio local, previo oficio religioso de cuerpo presente en la Parroquia Nuestra Se\u00f1ora de la Merced. <\/p>\n\n\n\n<p>Fuente: informe del jefe de Zona, comisario Insp. Pablo Berardo. <\/p>\n","protected":false},"excerpt":{"rendered":"<p>Seg\u00fan lo confirm\u00f3 la Polic\u00eda, el cardi\u00f3logo de 80 a\u00f1os se quit\u00f3 la vida. Ayer a las 12:30 horas, la&hellip;<\/p>\n","protected":false},"author":3,"featured_media":2730,"comment_status":"closed","ping_status":"open","sticky":false,"template":"","format":"standard","meta":{"footnotes":""},"categories":[824],"tags":[66,67,836,548,635,637,638,825],"class_list":["post-5500","post","type-post","status-publish","format-standard","has-post-thumbnail","hentry","category-policiales-online","tag-arroyito","tag-arroyito-cordoba","tag-arroyito-online","tag-muerte","tag-policia","tag-policiales","tag-policiales-arroyito","tag-policiales-online"],"_links":{"self":[{"href":"https:\/\/arroyitoonline.com.ar\/index.php?rest_route=\/wp\/v2\/posts\/5500","targetHints":{"allow":["GET"]}}],"collection":[{"href":"https:\/\/arroyitoonline.com.ar\/index.php?rest_route=\/wp\/v2\/posts"}],"about":[{"href":"https:\/\/arroyitoonline.com.ar\/index.php?rest_route=\/wp\/v2\/types\/post"}],"author":[{"embeddable":true,"href":"https:\/\/arroyitoonline.com.ar\/index.php?rest_route=\/wp\/v2\/users\/3"}],"replies":[{"embeddable":true,"href":"https:\/\/arroyitoonline.com.ar\/index.php?rest_route=%2Fwp%2Fv2%2Fcomments&post=5500"}],"version-history":[{"count":2,"href":"https:\/\/arroyitoonline.com.ar\/index.php?rest_route=\/wp\/v2\/posts\/5500\/revisions"}],"predecessor-version":[{"id":5502,"href":"https:\/\/arroyitoonline.com.ar\/index.php?rest_route=\/wp\/v2\/posts\/5500\/revisions\/5502"}],"wp:featuredmedia":[{"embeddable":true,"href":"https:\/\/arroyitoonline.com.ar\/index.php?rest_route=\/wp\/v2\/media\/2730"}],"wp:attachment":[{"href":"https:\/\/arroyitoonline.com.ar\/index.php?rest_route=%2Fwp%2Fv2%2Fmedia&parent=5500"}],"wp:term":[{"taxonomy":"category","embeddable":true,"href":"https:\/\/arroyitoonline.com.ar\/index.php?rest_route=%2Fwp%2Fv2%2Fcategories&post=5500"},{"taxonomy":"post_tag","embeddable":true,"href":"https:\/\/arroyitoonline.com.ar\/index.php?rest_route=%2Fwp%2Fv2%2Ftags&post=5500"}],"curies":[{"name":"wp","href":"https:\/\/api.w.org\/{rel}","templated":true}]}}