{"id":5515,"date":"2019-09-05T03:01:18","date_gmt":"2019-09-05T03:01:18","guid":{"rendered":"https:\/\/arroyitoonline.com.ar\/?p=5515"},"modified":"2019-09-05T03:01:21","modified_gmt":"2019-09-05T03:01:21","slug":"norma-ferreyra-estuvo-en-el-4o-encuentro-regional-de-bibliotecas-de-la-provincia","status":"publish","type":"post","link":"https:\/\/arroyitoonline.com.ar\/?p=5515","title":{"rendered":"Norma Ferreyra estuvo en el 4\u00ba Encuentro Regional de Bibliotecas de la Provincia"},"content":{"rendered":"\n<p><strong>Se presentaron el Programa C\u00f3rdoba Lee y el Festival de la Palabra, que invita a las Bibliotecas a que participen de proyectos que estimulen la cultura, la lectura y el arte.<\/strong><\/p>\n\n\n\n<p>El pasado 2 de Septiembre, la directora de la Biblioteca Municipal Popular Almafuerte Norma Ferreyra particip\u00f3 del\u00a0 4\u00b0 Encuentro Regional de Bibliotecas de la Provincia, en la localidad de El T\u00edo.<\/p>\n\n\n\n<p>En la oportunidad se encontraban presentes: t\u00e9cnicos y presidenta de la Agencia C\u00f3rdoba Cultura Nora Bedano, representante Gubernamental de Bibliotecas Populares Silvia Longo, legisladora Graciela Brarda, intendente municipal anfitri\u00f3n Fernando Rossi,\u00a0directora de Cultura\u00a0del pueblo Susana Amuch\u00e1stegui y, representando a la Federaci\u00f3n de Bibliotecas Populares de C\u00f3rdoba (Febipo), Mart\u00edn Grosprieto.<\/p>\n\n\n\n<p>La reuni\u00f3n se desarroll\u00f3 en el Sal\u00f3n Auditorio de la Cooperativa de Servicios P\u00fablicos\u00a0local y asistieron referentes de bibliotecas Populares, Escolares y Rurales de los departamentos San Justo y R\u00edo Primero.<\/p>\n\n\n\n<p>Se destaca la presentaci\u00f3n del Programa C\u00f3rdoba Lee y del Festival de la Palabra, que invita a las Bibliotecas a que participen de proyectos que estimulen la cultura, la lectura y el arte, en sus distintas disciplinas, motivando un trabajo mancomunado\u00a0 entre todas. La presidenta\u00a0Nora Bedano hizo referencia al apoyo actual del Programa C\u00f3rdoba\u00a0Lee a 168 Bibliotecas en 120 localidades en toda la provincia.<\/p>\n\n\n\n<p>Tambi\u00e9n\u00a0 se convoc\u00f3 al primer encuentro Provincial de Bibliotecas en el marco de la 34\u00aa edici\u00f3n de la Feria del Libro y el Conocimiento que se realizar\u00e1 en la ciudad de C\u00f3rdoba, el 9 de septiembre. Se recalc\u00f3 la presencia del escritor Felipe Pigna, el mismo d\u00eda a las 18:00 horas, como as\u00ed tambi\u00e9n la importancia de anotarse con anterioridad a los talleres.<\/p>\n\n\n\n<p>Como en a\u00f1os anteriores, en el marco de la Feria del Libro de C\u00f3rdoba,\u00a0 Febipo gestion\u00f3 descuentos ante la C\u00e1mara del Libro (Calipacer) del 50% en Editoriales y 10%\u00a0en Librer\u00edas,\u00a0para los d\u00edas 9 y 10 de septiembre.<\/p>\n\n\n\n<p>El encuentro concluy\u00f3 con la charla abierta a todo p\u00fablico Conversando con Cristina Loza &#8220;Quiero morirme viva&#8221;, haciendo referencia a experiencias de vida personales.<\/p>\n\n\n\n<p>Fuente: Prensa Municipal. <\/p>\n","protected":false},"excerpt":{"rendered":"<p>Se presentaron el Programa C\u00f3rdoba Lee y el Festival de la Palabra, que invita a las Bibliotecas a que participen&hellip;<\/p>\n","protected":false},"author":3,"featured_media":5517,"comment_status":"closed","ping_status":"open","sticky":false,"template":"","format":"standard","meta":{"footnotes":""},"categories":[2],"tags":[66,67,836,117,886,259,887,364,404,405,492,499],"class_list":["post-5515","post","type-post","status-publish","format-standard","has-post-thumbnail","hentry","category-cultura-y-espectaculos","tag-arroyito","tag-arroyito-cordoba","tag-arroyito-online","tag-biblioteca","tag-biblioteca-municipal-popular-almafuerte","tag-cultura","tag-febipo","tag-feria-del-libro","tag-gobierno-de-cordoba","tag-gobierno-de-la-provincia","tag-libros","tag-literatura"],"_links":{"self":[{"href":"https:\/\/arroyitoonline.com.ar\/index.php?rest_route=\/wp\/v2\/posts\/5515","targetHints":{"allow":["GET"]}}],"collection":[{"href":"https:\/\/arroyitoonline.com.ar\/index.php?rest_route=\/wp\/v2\/posts"}],"about":[{"href":"https:\/\/arroyitoonline.com.ar\/index.php?rest_route=\/wp\/v2\/types\/post"}],"author":[{"embeddable":true,"href":"https:\/\/arroyitoonline.com.ar\/index.php?rest_route=\/wp\/v2\/users\/3"}],"replies":[{"embeddable":true,"href":"https:\/\/arroyitoonline.com.ar\/index.php?rest_route=%2Fwp%2Fv2%2Fcomments&post=5515"}],"version-history":[{"count":2,"href":"https:\/\/arroyitoonline.com.ar\/index.php?rest_route=\/wp\/v2\/posts\/5515\/revisions"}],"predecessor-version":[{"id":5518,"href":"https:\/\/arroyitoonline.com.ar\/index.php?rest_route=\/wp\/v2\/posts\/5515\/revisions\/5518"}],"wp:featuredmedia":[{"embeddable":true,"href":"https:\/\/arroyitoonline.com.ar\/index.php?rest_route=\/wp\/v2\/media\/5517"}],"wp:attachment":[{"href":"https:\/\/arroyitoonline.com.ar\/index.php?rest_route=%2Fwp%2Fv2%2Fmedia&parent=5515"}],"wp:term":[{"taxonomy":"category","embeddable":true,"href":"https:\/\/arroyitoonline.com.ar\/index.php?rest_route=%2Fwp%2Fv2%2Fcategories&post=5515"},{"taxonomy":"post_tag","embeddable":true,"href":"https:\/\/arroyitoonline.com.ar\/index.php?rest_route=%2Fwp%2Fv2%2Ftags&post=5515"}],"curies":[{"name":"wp","href":"https:\/\/api.w.org\/{rel}","templated":true}]}}