{"id":5519,"date":"2019-09-05T03:26:18","date_gmt":"2019-09-05T03:26:18","guid":{"rendered":"https:\/\/arroyitoonline.com.ar\/?p=5519"},"modified":"2019-09-05T03:26:24","modified_gmt":"2019-09-05T03:26:24","slug":"tras-el-fallecimiento-de-pocha-sus-mascotas-esperan-que-las-adopten","status":"publish","type":"post","link":"https:\/\/arroyitoonline.com.ar\/?p=5519","title":{"rendered":"Tras el fallecimiento de &#8220;Pocha&#8221;, sus mascotas esperan que las adopten"},"content":{"rendered":"\n<p><strong>Son cuatro perras, un perro y una gata, que lloran por la partida de su due\u00f1a. Desde Coraz\u00f3n de Trapo trabajan para encontrarles hogares.<\/strong><\/p>\n\n\n\n<p>Ayer <em>&#8220;fue un d\u00eda muy triste, de esos que el alma duele y mucho&#8221;<\/em> para los miembros de Coraz\u00f3n de Trapo. Es que, tras una internaci\u00f3n de cinco d\u00edas por problemas de salud, en la madrugada del mi\u00e9rcoles 4 falleci\u00f3 &#8220;Pocha&#8221;, vecina de Sandra Bocco, una de las m\u00e1s activas integrantes del grupo animalista.  <\/p>\n\n\n\n<p>A sus 79 a\u00f1os, Mar\u00eda Esther viv\u00eda junto a sus seis mascotas (cuatro perras, un perro y una gata), como \u00fanica familia. Tan grande era el amor que sent\u00eda por ellas que, en sus \u00faltimas horas de vida, la se\u00f1ora solo ped\u00eda verlas por \u00faltima vez. <\/p>\n\n\n\n<figure><iframe loading=\"lazy\" src=\"https:\/\/www.facebook.com\/plugins\/post.php?href=https%3A%2F%2Fwww.facebook.com%2Fcorazondetrapoarroyito%2Fposts%2F1727809857351243&amp;width=500\" width=\"500\" height=\"783\"><\/iframe><\/figure>\n\n\n\n<p>Luego de conocerse la triste noticia, desde la Asociaci\u00f3n Civil de ayuda a los animales hicieron una publicaci\u00f3n en sus redes sociales, donde se preguntaron <em>&#8220;\u00bfqu\u00e9 va a ser de ellos? ya que percibieron su partida y no pararon de llorar&#8221;<\/em>, al tiempo que plantearon la necesidad de que aparezcan familias adoptantes, donde reciban cari\u00f1o y calmen tanto dolor. Cabe destacar que todos los animales est\u00e1n castrados. <\/p>\n\n\n\n<ul class=\"wp-block-gallery columns-3 is-cropped wp-block-gallery-1 is-layout-flex wp-block-gallery-is-layout-flex\"><li class=\"blocks-gallery-item\"><figure><img loading=\"lazy\" decoding=\"async\" width=\"538\" height=\"538\" src=\"https:\/\/arroyitoonline.com.ar\/wp-content\/uploads\/2019\/09\/mascotas-pocha-5_Fotor_20190905.jpg\" alt=\"\" data-id=\"5520\" data-link=\"https:\/\/arroyitoonline.com.ar\/?attachment_id=5520\" class=\"wp-image-5520\" srcset=\"https:\/\/arroyitoonline.com.ar\/wp-content\/uploads\/2019\/09\/mascotas-pocha-5_Fotor_20190905.jpg 538w, https:\/\/arroyitoonline.com.ar\/wp-content\/uploads\/2019\/09\/mascotas-pocha-5_Fotor_20190905-150x150.jpg 150w, https:\/\/arroyitoonline.com.ar\/wp-content\/uploads\/2019\/09\/mascotas-pocha-5_Fotor_20190905-300x300.jpg 300w\" sizes=\"auto, (max-width: 538px) 100vw, 538px\" \/><\/figure><\/li><li class=\"blocks-gallery-item\"><figure><img loading=\"lazy\" decoding=\"async\" width=\"538\" height=\"538\" src=\"https:\/\/arroyitoonline.com.ar\/wp-content\/uploads\/2019\/09\/mascotas-pocha-1_Fotor_20190905.jpg\" alt=\"\" data-id=\"5521\" data-link=\"https:\/\/arroyitoonline.com.ar\/?attachment_id=5521\" class=\"wp-image-5521\" srcset=\"https:\/\/arroyitoonline.com.ar\/wp-content\/uploads\/2019\/09\/mascotas-pocha-1_Fotor_20190905.jpg 538w, https:\/\/arroyitoonline.com.ar\/wp-content\/uploads\/2019\/09\/mascotas-pocha-1_Fotor_20190905-150x150.jpg 150w, https:\/\/arroyitoonline.com.ar\/wp-content\/uploads\/2019\/09\/mascotas-pocha-1_Fotor_20190905-300x300.jpg 300w\" sizes=\"auto, (max-width: 538px) 100vw, 538px\" \/><\/figure><\/li><li class=\"blocks-gallery-item\"><figure><img loading=\"lazy\" decoding=\"async\" width=\"538\" height=\"538\" src=\"https:\/\/arroyitoonline.com.ar\/wp-content\/uploads\/2019\/09\/mascotas-pocha-2_Fotor_20190905.jpg\" alt=\"\" data-id=\"5522\" data-link=\"https:\/\/arroyitoonline.com.ar\/?attachment_id=5522\" class=\"wp-image-5522\" srcset=\"https:\/\/arroyitoonline.com.ar\/wp-content\/uploads\/2019\/09\/mascotas-pocha-2_Fotor_20190905.jpg 538w, https:\/\/arroyitoonline.com.ar\/wp-content\/uploads\/2019\/09\/mascotas-pocha-2_Fotor_20190905-150x150.jpg 150w, https:\/\/arroyitoonline.com.ar\/wp-content\/uploads\/2019\/09\/mascotas-pocha-2_Fotor_20190905-300x300.jpg 300w\" sizes=\"auto, (max-width: 538px) 100vw, 538px\" \/><\/figure><\/li><li class=\"blocks-gallery-item\"><figure><img loading=\"lazy\" decoding=\"async\" width=\"491\" height=\"491\" src=\"https:\/\/arroyitoonline.com.ar\/wp-content\/uploads\/2019\/09\/mascotas-pocha-3_Fotor_20190905.jpg\" alt=\"\" data-id=\"5523\" data-link=\"https:\/\/arroyitoonline.com.ar\/?attachment_id=5523\" class=\"wp-image-5523\" srcset=\"https:\/\/arroyitoonline.com.ar\/wp-content\/uploads\/2019\/09\/mascotas-pocha-3_Fotor_20190905.jpg 491w, https:\/\/arroyitoonline.com.ar\/wp-content\/uploads\/2019\/09\/mascotas-pocha-3_Fotor_20190905-150x150.jpg 150w, https:\/\/arroyitoonline.com.ar\/wp-content\/uploads\/2019\/09\/mascotas-pocha-3_Fotor_20190905-300x300.jpg 300w\" sizes=\"auto, (max-width: 491px) 100vw, 491px\" \/><\/figure><\/li><li class=\"blocks-gallery-item\"><figure><img loading=\"lazy\" decoding=\"async\" width=\"514\" height=\"513\" src=\"https:\/\/arroyitoonline.com.ar\/wp-content\/uploads\/2019\/09\/mascotas-pocha-4_Fotor_20190905.jpg\" alt=\"\" data-id=\"5524\" data-link=\"https:\/\/arroyitoonline.com.ar\/?attachment_id=5524\" class=\"wp-image-5524\" srcset=\"https:\/\/arroyitoonline.com.ar\/wp-content\/uploads\/2019\/09\/mascotas-pocha-4_Fotor_20190905.jpg 514w, https:\/\/arroyitoonline.com.ar\/wp-content\/uploads\/2019\/09\/mascotas-pocha-4_Fotor_20190905-150x150.jpg 150w, https:\/\/arroyitoonline.com.ar\/wp-content\/uploads\/2019\/09\/mascotas-pocha-4_Fotor_20190905-300x300.jpg 300w\" sizes=\"auto, (max-width: 514px) 100vw, 514px\" \/><\/figure><\/li><\/ul>\n\n\n\n<p>Si est\u00e1s interesado en su adopci\u00f3n pod\u00e9s comunicarte a los n\u00fameros de tel\u00e9fonos<strong> 3576 465319 | 3576 412569<\/strong>. Tambi\u00e9n es fundamental que compartas esta publicaci\u00f3n. <\/p>\n","protected":false},"excerpt":{"rendered":"<p>Son cuatro perras, un perro y una gata, que lloran por la partida de su due\u00f1a. Desde Coraz\u00f3n de Trapo&hellip;<\/p>\n","protected":false},"author":3,"featured_media":5525,"comment_status":"closed","ping_status":"open","sticky":false,"template":"","format":"standard","meta":{"footnotes":""},"categories":[866],"tags":[52,66,67,836,243,525,572],"class_list":["post-5519","post","type-post","status-publish","format-standard","has-post-thumbnail","hentry","category-historias-online","tag-animales","tag-arroyito","tag-arroyito-cordoba","tag-arroyito-online","tag-corazon-de-trapo","tag-mascotas","tag-noticias-de-arroyito-y-zona"],"_links":{"self":[{"href":"https:\/\/arroyitoonline.com.ar\/index.php?rest_route=\/wp\/v2\/posts\/5519","targetHints":{"allow":["GET"]}}],"collection":[{"href":"https:\/\/arroyitoonline.com.ar\/index.php?rest_route=\/wp\/v2\/posts"}],"about":[{"href":"https:\/\/arroyitoonline.com.ar\/index.php?rest_route=\/wp\/v2\/types\/post"}],"author":[{"embeddable":true,"href":"https:\/\/arroyitoonline.com.ar\/index.php?rest_route=\/wp\/v2\/users\/3"}],"replies":[{"embeddable":true,"href":"https:\/\/arroyitoonline.com.ar\/index.php?rest_route=%2Fwp%2Fv2%2Fcomments&post=5519"}],"version-history":[{"count":1,"href":"https:\/\/arroyitoonline.com.ar\/index.php?rest_route=\/wp\/v2\/posts\/5519\/revisions"}],"predecessor-version":[{"id":5526,"href":"https:\/\/arroyitoonline.com.ar\/index.php?rest_route=\/wp\/v2\/posts\/5519\/revisions\/5526"}],"wp:featuredmedia":[{"embeddable":true,"href":"https:\/\/arroyitoonline.com.ar\/index.php?rest_route=\/wp\/v2\/media\/5525"}],"wp:attachment":[{"href":"https:\/\/arroyitoonline.com.ar\/index.php?rest_route=%2Fwp%2Fv2%2Fmedia&parent=5519"}],"wp:term":[{"taxonomy":"category","embeddable":true,"href":"https:\/\/arroyitoonline.com.ar\/index.php?rest_route=%2Fwp%2Fv2%2Fcategories&post=5519"},{"taxonomy":"post_tag","embeddable":true,"href":"https:\/\/arroyitoonline.com.ar\/index.php?rest_route=%2Fwp%2Fv2%2Ftags&post=5519"}],"curies":[{"name":"wp","href":"https:\/\/api.w.org\/{rel}","templated":true}]}}