{"id":5527,"date":"2019-09-05T12:16:54","date_gmt":"2019-09-05T12:16:54","guid":{"rendered":"https:\/\/arroyitoonline.com.ar\/?p=5527"},"modified":"2019-09-05T17:17:38","modified_gmt":"2019-09-05T17:17:38","slug":"habemus-fecha-de-elecciones-humo-blanco-en-el-municipio","status":"publish","type":"post","link":"https:\/\/arroyitoonline.com.ar\/?p=5527","title":{"rendered":"Habemus fecha de elecciones: Arroyito votar\u00e1 el 10 de noviembre"},"content":{"rendered":"\n<p><strong>Fuentes revelaron a Arroyito Online la fecha para elegir intendente, vice, concejales y miembros del Tribunal de Cuentas. <\/strong><\/p>\n\n\n\n<p>Despu\u00e9s de tantas idas y vueltas, en la ma\u00f1ana de hoy, fuentes confirmaron a <strong>Arroyito Online<\/strong> que nuestra ciudad tendr\u00e1 elecciones municipales el domingo 10 de noviembre. Se elegir\u00e1n intendente, vice, concelales y miembros del Tribunal de Cuentas.<\/p>\n\n\n\n<p>Por su parte, la semana pasada, durante una entrevista realizada con Mauricio Cravero, en el marco de la entrega de escrituras a propietarios de viviendas municipales, el primer mandatario confirm\u00f3, en exclusiva, que hab\u00eda firmado el decreto de conformaci\u00f3n de la Junta Electoral, el cual se encontraba en poder de Asesor\u00eda Letrada. <\/p>\n\n\n\n<p>Acto seguido, nuestro medio accedi\u00f3 a los nombres de quienes la constituyen. Recordemos que se trata de los tres directores de escuelas locales con mayor antig\u00fcedad en el cargo. En este caso, por renuncia y carpeta m\u00e9dica, dos de las docentes que deb\u00edan integrarla no lo hicieron, por lo que el tribunal qued\u00f3 conformado por los profesores Graciela S\u00e1nchez, Gustavo Montero y Diego Nagel. <\/p>\n\n\n\n<p>Ahora, solo resta que sepamos qui\u00e9nes ser\u00e1n los candidatos del Radicalismo y del Justicialismo, teniendo en cuenta que dos nombres ya son n\u00famero puesto para la general de noviembre: Wilson Genesio del Vecinalismo Independiente y Cacho Maldini, quien se fue de la UCR conformando el Frente Arroyito Para Todos. <\/p>\n\n\n\n<p>Los que\nvienen, ser\u00e1n d\u00edas claves para la pol\u00edtica local y toda la informaci\u00f3n pasar\u00e1\npor ac\u00e1. <\/p>\n","protected":false},"excerpt":{"rendered":"<p>Fuentes revelaron a Arroyito Online la fecha para elegir intendente, vice, concejales y miembros del Tribunal de Cuentas. Despu\u00e9s de&hellip;<\/p>\n","protected":false},"author":3,"featured_media":5528,"comment_status":"closed","ping_status":"open","sticky":false,"template":"","format":"standard","meta":{"footnotes":""},"categories":[8],"tags":[13,66,67,836,318,572,640],"class_list":["post-5527","post","type-post","status-publish","format-standard","has-post-thumbnail","hentry","category-politica","tag-13","tag-arroyito","tag-arroyito-cordoba","tag-arroyito-online","tag-elecciones","tag-noticias-de-arroyito-y-zona","tag-politica"],"_links":{"self":[{"href":"https:\/\/arroyitoonline.com.ar\/index.php?rest_route=\/wp\/v2\/posts\/5527","targetHints":{"allow":["GET"]}}],"collection":[{"href":"https:\/\/arroyitoonline.com.ar\/index.php?rest_route=\/wp\/v2\/posts"}],"about":[{"href":"https:\/\/arroyitoonline.com.ar\/index.php?rest_route=\/wp\/v2\/types\/post"}],"author":[{"embeddable":true,"href":"https:\/\/arroyitoonline.com.ar\/index.php?rest_route=\/wp\/v2\/users\/3"}],"replies":[{"embeddable":true,"href":"https:\/\/arroyitoonline.com.ar\/index.php?rest_route=%2Fwp%2Fv2%2Fcomments&post=5527"}],"version-history":[{"count":3,"href":"https:\/\/arroyitoonline.com.ar\/index.php?rest_route=\/wp\/v2\/posts\/5527\/revisions"}],"predecessor-version":[{"id":5531,"href":"https:\/\/arroyitoonline.com.ar\/index.php?rest_route=\/wp\/v2\/posts\/5527\/revisions\/5531"}],"wp:featuredmedia":[{"embeddable":true,"href":"https:\/\/arroyitoonline.com.ar\/index.php?rest_route=\/wp\/v2\/media\/5528"}],"wp:attachment":[{"href":"https:\/\/arroyitoonline.com.ar\/index.php?rest_route=%2Fwp%2Fv2%2Fmedia&parent=5527"}],"wp:term":[{"taxonomy":"category","embeddable":true,"href":"https:\/\/arroyitoonline.com.ar\/index.php?rest_route=%2Fwp%2Fv2%2Fcategories&post=5527"},{"taxonomy":"post_tag","embeddable":true,"href":"https:\/\/arroyitoonline.com.ar\/index.php?rest_route=%2Fwp%2Fv2%2Ftags&post=5527"}],"curies":[{"name":"wp","href":"https:\/\/api.w.org\/{rel}","templated":true}]}}