{"id":5553,"date":"2019-09-07T01:39:18","date_gmt":"2019-09-07T01:39:18","guid":{"rendered":"https:\/\/arroyitoonline.com.ar\/?p=5553"},"modified":"2019-09-07T01:41:25","modified_gmt":"2019-09-07T01:41:25","slug":"departamento-san-justo-mas-de-3-m-en-ampliacion-de-escuelas","status":"publish","type":"post","link":"https:\/\/arroyitoonline.com.ar\/?p=5553","title":{"rendered":"Departamento San Justo: el gobierno provincial invirti\u00f3 m\u00e1s de $3 M en ampliaci\u00f3n de escuelas"},"content":{"rendered":"\n<p><strong>Gracias al Programa Aurora y al trabajo en conjunto con\nmunicipios y comunas, edificios escolares de El Fort\u00edn, Alicia, El Ara\u00f1ado y\nSacanta cuentan con nuevos espacios.<\/strong><\/p>\n\n\n\n<p>En la jornada de\nhoy, el Ministerio de Educaci\u00f3n de C\u00f3rdoba inaugur\u00f3 de manera formal distintas\nobras de ampliaci\u00f3n de edificios escolares correspondiente a los tres niveles\neducativos. Las tareas demandaron una inversi\u00f3n provincial de 3.355.946\nmillones de pesos, realizada en el marco del Programa Aurora.<\/p>\n\n\n\n<p><strong>A continuaci\u00f3n, las localidades y las escuelas beneficiadas:<\/strong><\/p>\n\n\n\n<p>El Fort\u00edn, IPEA\n235 Julio R. Valenzuela. Terminaci\u00f3n del hall de ingreso. Inversi\u00f3n: 450 mil\npesos <\/p>\n\n\n\n<p>Alicia, Jard\u00edn de\nInfantes Jos\u00e9 Manuel Estrada. Una sala con n\u00facleo sanitario. Inversi\u00f3n: 748 mil\npesos.<\/p>\n\n\n\n<p>El Ara\u00f1ado,\nescuela primaria Chacabuco. Terminaci\u00f3n de aula especial. Inversi\u00f3n: $490.946.<\/p>\n\n\n\n<p>Sacanta, Jard\u00edn\nde Infantes Ituzaing\u00f3. Construcci\u00f3n de un taller de usos m\u00faltiples. Inversi\u00f3n:\n$1.664.000<\/p>\n\n\n\n<p>Estas acciones se\ndan en el marco del&nbsp;Programa Aurora, impulsado por la Provincia para darle\ncumplimiento a la ley de obligatoriedad de ofrecer servicios educativos de\ngesti\u00f3n estatal a ni\u00f1os de tres a\u00f1os, completando la cobertura de la sala de cuatro\na\u00f1os y la expansi\u00f3n de la jornada extendida en todo el nivel primario, y\ncontinuar ampliando las escuelas secundarias en todo el territorio provincial.\nLa ejecuci\u00f3n de esta iniciativa es posible gracias al trabajo en conjunto con\nlas comunas y municipios, encargados de la mano de obra.<\/p>\n\n\n\n<p>Estuvieron presentes, el director general de Educaci\u00f3n T\u00e9cnica y Formaci\u00f3n Profesional, Domingo Ar\u00edngoli; la directora general de Educaci\u00f3n Inicial, Edith Flores; el coordinador provincial de los programas Aurora y Fodemeep, Jos\u00e9 Peralta; y el inspector general de Primaria, Jorge Rivarosa; los intendentes de El Fort\u00edn, Elio S\u00e1nchez; Alicia, Jos\u00e9 Gualdoni; El Ara\u00f1ado, Jorge Arroyo; y Sacanta, Daniel Garnero. <\/p>\n\n\n\n<p>Fuente: Direcci\u00f3n de Medios del Interior.<\/p>\n","protected":false},"excerpt":{"rendered":"<p>Gracias al Programa Aurora y al trabajo en conjunto con municipios y comunas, edificios escolares de El Fort\u00edn, Alicia, El&hellip;<\/p>\n","protected":false},"author":3,"featured_media":5554,"comment_status":"closed","ping_status":"open","sticky":false,"template":"","format":"standard","meta":{"footnotes":""},"categories":[830],"tags":[66,67,836,275,310,404,405,572,702,711],"class_list":["post-5553","post","type-post","status-publish","format-standard","has-post-thumbnail","hentry","category-educacion-online","tag-arroyito","tag-arroyito-cordoba","tag-arroyito-online","tag-departamento-san-justo","tag-educacion","tag-gobierno-de-cordoba","tag-gobierno-de-la-provincia","tag-noticias-de-arroyito-y-zona","tag-sacanta","tag-san-justo"],"_links":{"self":[{"href":"https:\/\/arroyitoonline.com.ar\/index.php?rest_route=\/wp\/v2\/posts\/5553","targetHints":{"allow":["GET"]}}],"collection":[{"href":"https:\/\/arroyitoonline.com.ar\/index.php?rest_route=\/wp\/v2\/posts"}],"about":[{"href":"https:\/\/arroyitoonline.com.ar\/index.php?rest_route=\/wp\/v2\/types\/post"}],"author":[{"embeddable":true,"href":"https:\/\/arroyitoonline.com.ar\/index.php?rest_route=\/wp\/v2\/users\/3"}],"replies":[{"embeddable":true,"href":"https:\/\/arroyitoonline.com.ar\/index.php?rest_route=%2Fwp%2Fv2%2Fcomments&post=5553"}],"version-history":[{"count":2,"href":"https:\/\/arroyitoonline.com.ar\/index.php?rest_route=\/wp\/v2\/posts\/5553\/revisions"}],"predecessor-version":[{"id":5556,"href":"https:\/\/arroyitoonline.com.ar\/index.php?rest_route=\/wp\/v2\/posts\/5553\/revisions\/5556"}],"wp:featuredmedia":[{"embeddable":true,"href":"https:\/\/arroyitoonline.com.ar\/index.php?rest_route=\/wp\/v2\/media\/5554"}],"wp:attachment":[{"href":"https:\/\/arroyitoonline.com.ar\/index.php?rest_route=%2Fwp%2Fv2%2Fmedia&parent=5553"}],"wp:term":[{"taxonomy":"category","embeddable":true,"href":"https:\/\/arroyitoonline.com.ar\/index.php?rest_route=%2Fwp%2Fv2%2Fcategories&post=5553"},{"taxonomy":"post_tag","embeddable":true,"href":"https:\/\/arroyitoonline.com.ar\/index.php?rest_route=%2Fwp%2Fv2%2Ftags&post=5553"}],"curies":[{"name":"wp","href":"https:\/\/api.w.org\/{rel}","templated":true}]}}