{"id":5557,"date":"2019-09-02T13:16:10","date_gmt":"2019-09-02T13:16:10","guid":{"rendered":"https:\/\/arroyitoonline.com.ar\/?p=5557"},"modified":"2019-09-09T19:00:38","modified_gmt":"2019-09-09T19:00:38","slug":"el-ballet-municipal-y-el-centro-vecinal-xanaes-obtuvieron-premios-en-el-fortin-2019","status":"publish","type":"post","link":"https:\/\/arroyitoonline.com.ar\/?p=5557","title":{"rendered":"El Ballet Municipal y el Centro Vecinal Xanaes obtuvieron premios en El Fort\u00edn 2019"},"content":{"rendered":"\n<p><strong>La localidad de Tr\u00e1nsito fue sede de este encuentro, donde los de Arroyito cosecharon innumerables premios. <\/strong><\/p>\n\n\n\n<p>El pasado s\u00e1bado 31 de agosto, en la localidad de Tr\u00e1nsito, se realiz\u00f3 el certamen de Folclore Fort\u00edn 2019.<\/p>\n\n\n\n<p>En la oportunidad participaron la Escuela y Ballet Municipal de Danzas Folcl\u00f3ricas y Tango, como as\u00ed tambi\u00e9n el Taller de Folclore del Centro Vecinal Xanaes.<\/p>\n\n\n\n<p>En lo que se refiere a los premios obtenidos fueron los siguientes:<\/p>\n\n\n\n<figure class=\"wp-block-image\"><img loading=\"lazy\" decoding=\"async\" width=\"720\" height=\"720\" src=\"https:\/\/arroyitoonline.com.ar\/wp-content\/uploads\/2019\/09\/certamen-fort\u00edn.jpg\" alt=\"\" class=\"wp-image-5581\" srcset=\"https:\/\/arroyitoonline.com.ar\/wp-content\/uploads\/2019\/09\/certamen-fort\u00edn.jpg 720w, https:\/\/arroyitoonline.com.ar\/wp-content\/uploads\/2019\/09\/certamen-fort\u00edn-150x150.jpg 150w, https:\/\/arroyitoonline.com.ar\/wp-content\/uploads\/2019\/09\/certamen-fort\u00edn-300x300.jpg 300w\" sizes=\"auto, (max-width: 720px) 100vw, 720px\" \/><\/figure>\n\n\n\n<p><strong>Centro Vecinal Xanaes:<\/strong><\/p>\n\n\n\n<p>2\u00b0 Puesto Conjunto Tradicional Semillitas (Carnavalito).<\/p>\n\n\n\n<p>2\u00b0 Puesto Conjunto Estilizado menor (Viva el Carnaval).<\/p>\n\n\n\n<p>2\u00b0 Puesto Solista de Malambo semillita (Felipe Ch\u00e1vez Dell Erba).<\/p>\n\n\n\n<p>2\u00b0 Puesto Solista de Malambo menor (Tiago Britos).<\/p>\n\n\n\n<p>1\u00b0 Puesto Conjunto Combinado de Malambo (Britos, Ch\u00e1vez, Chavez, Scalise).<\/p>\n\n\n\n<p>Menci\u00f3n especial Solista de Malambo Femenino (Agustina Cresp\u00edn).<\/p>\n\n\n\n<p>2\u00b0 Puesto Conjunto Femenino mayor (No soy cielo ni azul).<\/p>\n\n\n\n<p>3\u00b0 Puesto Conjunto Combinado de Malambo (Brochero, Lescano Villalobos, Cabrera).<\/p>\n\n\n\n<p>2\u00b0 Puesto Pareja Tradicional mayor (Dell Erba, Ch\u00e1vez).<\/p>\n\n\n\n<p>Menci\u00f3n especial Conjunto Tradicional Adultos (Arunguita).<\/p>\n\n\n\n<p>2\u00b0 Puesto Conjunto Estilizado Adultos (Santiago Querido).<\/p>\n\n\n\n<p>2\u00aa Mejor Delegaci\u00f3n del Festival.<\/p>\n\n\n\n<p><strong>Escuela Municipal de Folclore<\/strong>:<\/p>\n\n\n\n<p>1\u00b0 Puesto Conjunto Tradicional Semillitas.<\/p>\n\n\n\n<p>1\u00b0 Puesto Conjunto Tradicional Infantil.<\/p>\n\n\n\n<p>1\u00b0 Puesto Conjunto Estilizado Infantil.<\/p>\n\n\n\n<p>3\u00b0 Puesto Solista Malambo menor.<\/p>\n\n\n\n<p>2\u00b0Puesto Malambo Combinado menor.<\/p>\n\n\n\n<p>Menci\u00f3n Especial Solista de malambo Semillita.<\/p>\n\n\n\n<p>Paisanita del Festival Gianna Clara.<\/p>\n\n\n\n<p>Mejor Delegaci\u00f3n Infantil Semillita Fort\u00edn 2019.<\/p>\n\n\n\n<p>3\u00b0 Puesto Pareja Tradicional mayor.\u00a0<\/p>\n\n\n\n<p>1\u00b0 Puesto Pareja de Zamba (Romina Comastri, Agust\u00edn Romero).<\/p>\n\n\n\n<p>3\u00b0 Puesto Conjunto Tradicional mayor.<\/p>\n\n\n\n<p>3\u00b0 Puesto Pareja estilizada mayor.<\/p>\n\n\n\n<p>3\u00b0 Puesto Conjunto Femenino.<\/p>\n\n\n\n<p>Mejor Delegaci\u00f3n del Festival \u201cFort\u00edn 2019\u201d.<\/p>\n\n\n\n<p>&#8220;A todos los felicitamos ampliamente por los logros obtenidos. Sabemos que es fruto del esfuerzo y el compromiso asumido en cada presentaci\u00f3n, dedic\u00e1ndole horas de ensayos&#8221;, dijeron desde el Ejecutivo Municipal, y los instaron a que contin\u00faen as\u00ed, por la cultura de nuestra ciudad.<\/p>\n\n\n\n<p>Fuente: Prensa Municipal. <\/p>\n","protected":false},"excerpt":{"rendered":"<p>La localidad de Tr\u00e1nsito fue sede de este encuentro, donde los de Arroyito cosecharon innumerables premios. El pasado s\u00e1bado 31&hellip;<\/p>\n","protected":false},"author":3,"featured_media":5580,"comment_status":"closed","ping_status":"open","sticky":false,"template":"","format":"standard","meta":{"footnotes":""},"categories":[2],"tags":[66,67,836,93,180,351,862,382,572],"class_list":["post-5557","post","type-post","status-publish","format-standard","has-post-thumbnail","hentry","category-cultura-y-espectaculos","tag-arroyito","tag-arroyito-cordoba","tag-arroyito-online","tag-ballet-municipal","tag-centro-vecinal-xanaes","tag-espectaculos","tag-espectaculos-online","tag-folclore","tag-noticias-de-arroyito-y-zona"],"_links":{"self":[{"href":"https:\/\/arroyitoonline.com.ar\/index.php?rest_route=\/wp\/v2\/posts\/5557","targetHints":{"allow":["GET"]}}],"collection":[{"href":"https:\/\/arroyitoonline.com.ar\/index.php?rest_route=\/wp\/v2\/posts"}],"about":[{"href":"https:\/\/arroyitoonline.com.ar\/index.php?rest_route=\/wp\/v2\/types\/post"}],"author":[{"embeddable":true,"href":"https:\/\/arroyitoonline.com.ar\/index.php?rest_route=\/wp\/v2\/users\/3"}],"replies":[{"embeddable":true,"href":"https:\/\/arroyitoonline.com.ar\/index.php?rest_route=%2Fwp%2Fv2%2Fcomments&post=5557"}],"version-history":[{"count":3,"href":"https:\/\/arroyitoonline.com.ar\/index.php?rest_route=\/wp\/v2\/posts\/5557\/revisions"}],"predecessor-version":[{"id":5583,"href":"https:\/\/arroyitoonline.com.ar\/index.php?rest_route=\/wp\/v2\/posts\/5557\/revisions\/5583"}],"wp:featuredmedia":[{"embeddable":true,"href":"https:\/\/arroyitoonline.com.ar\/index.php?rest_route=\/wp\/v2\/media\/5580"}],"wp:attachment":[{"href":"https:\/\/arroyitoonline.com.ar\/index.php?rest_route=%2Fwp%2Fv2%2Fmedia&parent=5557"}],"wp:term":[{"taxonomy":"category","embeddable":true,"href":"https:\/\/arroyitoonline.com.ar\/index.php?rest_route=%2Fwp%2Fv2%2Fcategories&post=5557"},{"taxonomy":"post_tag","embeddable":true,"href":"https:\/\/arroyitoonline.com.ar\/index.php?rest_route=%2Fwp%2Fv2%2Ftags&post=5557"}],"curies":[{"name":"wp","href":"https:\/\/api.w.org\/{rel}","templated":true}]}}