{"id":5559,"date":"2019-09-09T10:16:14","date_gmt":"2019-09-09T10:16:14","guid":{"rendered":"https:\/\/arroyitoonline.com.ar\/?p=5559"},"modified":"2019-09-09T13:30:43","modified_gmt":"2019-09-09T13:30:43","slug":"en-un-impresionante-choque-perdio-la-vida-el-musico-martin-gonella","status":"publish","type":"post","link":"https:\/\/arroyitoonline.com.ar\/?p=5559","title":{"rendered":"En un impresionante choque perdi\u00f3 la vida el m\u00fasico Mart\u00edn Gonella"},"content":{"rendered":"\n<p><strong>El siniestro, que dej\u00f3 como saldo cuatro muertos, ocurri\u00f3 alrededor de las 4:30 de este domingo sobre ruta provincial 158. <\/strong><\/p>\n\n\n\n<p>Dos hombres y dos mujeres perdieron la vida luego de que protagonizaran un choque frontal en cercan\u00edas a la ciudad de Las Varillas, en el departamento San Justo.<\/p>\n\n\n\n<p>El hecho ocurri\u00f3 alrededor de las 4:30 de ayer domingo, a la altura del kil\u00f3metro 90 de la ruta provincial 158, indic\u00f3 la Polic\u00eda a La Voz del Interior. <\/p>\n\n\n\n<p>Por causas que intentan establecerse, una Peugeot Partner y una Chevrolet Tracker chocaron de frente. Los conductores de ambos veh\u00edculos, hombres mayores de edad, perdieron la vida en el momento.<\/p>\n\n\n\n<p>En la Tracker viajaban tambi\u00e9n tres mujeres que fueron trasladadas con heridas de gravedad al hospital local. Minutos despu\u00e9s informaron el deceso de dos de ellas.<\/p>\n\n\n\n<p><strong>V\u00edctimas fatales<\/strong><\/p>\n\n\n\n<p>FM Identidad, de Las Varillas, brind\u00f3 detalles de las v\u00edctimas fatales. En el lugar del siniestro fallecieron los conductores de ambos veh\u00edculos: Adelqui Gagnotto (Chevrolet) y Mart\u00edn Gonella (Peugeot), m\u00fasico de Los del encuentro. <\/p>\n\n\n\n<p>En tanto, Beatriz Torres y Elsa Rodr\u00edguez hab\u00edan sido rescatadas con vida, pero fallecieron en un nosocomio de la ciudad.<\/p>\n\n\n\n<p>Por su parte, se encuentra internada con lesiones graves Rosa Al\u00e9.<\/p>\n\n\n\n<p>Foto gentileza FM Identidad, Las Varillas. <\/p>\n\n\n\n<p>Fuente: La Voz. <\/p>\n","protected":false},"excerpt":{"rendered":"<p>El siniestro, que dej\u00f3 como saldo cuatro muertos, ocurri\u00f3 alrededor de las 4:30 de este domingo sobre ruta provincial 158.&hellip;<\/p>\n","protected":false},"author":3,"featured_media":5560,"comment_status":"closed","ping_status":"open","sticky":false,"template":"","format":"standard","meta":{"footnotes":""},"categories":[824],"tags":[22,23,66,67,836,548,572,635,637,638,825,737],"class_list":["post-5559","post","type-post","status-publish","format-standard","has-post-thumbnail","hentry","category-policiales-online","tag-accidente","tag-accidentes","tag-arroyito","tag-arroyito-cordoba","tag-arroyito-online","tag-muerte","tag-noticias-de-arroyito-y-zona","tag-policia","tag-policiales","tag-policiales-arroyito","tag-policiales-online","tag-siniestro-vial"],"_links":{"self":[{"href":"https:\/\/arroyitoonline.com.ar\/index.php?rest_route=\/wp\/v2\/posts\/5559","targetHints":{"allow":["GET"]}}],"collection":[{"href":"https:\/\/arroyitoonline.com.ar\/index.php?rest_route=\/wp\/v2\/posts"}],"about":[{"href":"https:\/\/arroyitoonline.com.ar\/index.php?rest_route=\/wp\/v2\/types\/post"}],"author":[{"embeddable":true,"href":"https:\/\/arroyitoonline.com.ar\/index.php?rest_route=\/wp\/v2\/users\/3"}],"replies":[{"embeddable":true,"href":"https:\/\/arroyitoonline.com.ar\/index.php?rest_route=%2Fwp%2Fv2%2Fcomments&post=5559"}],"version-history":[{"count":3,"href":"https:\/\/arroyitoonline.com.ar\/index.php?rest_route=\/wp\/v2\/posts\/5559\/revisions"}],"predecessor-version":[{"id":5563,"href":"https:\/\/arroyitoonline.com.ar\/index.php?rest_route=\/wp\/v2\/posts\/5559\/revisions\/5563"}],"wp:featuredmedia":[{"embeddable":true,"href":"https:\/\/arroyitoonline.com.ar\/index.php?rest_route=\/wp\/v2\/media\/5560"}],"wp:attachment":[{"href":"https:\/\/arroyitoonline.com.ar\/index.php?rest_route=%2Fwp%2Fv2%2Fmedia&parent=5559"}],"wp:term":[{"taxonomy":"category","embeddable":true,"href":"https:\/\/arroyitoonline.com.ar\/index.php?rest_route=%2Fwp%2Fv2%2Fcategories&post=5559"},{"taxonomy":"post_tag","embeddable":true,"href":"https:\/\/arroyitoonline.com.ar\/index.php?rest_route=%2Fwp%2Fv2%2Ftags&post=5559"}],"curies":[{"name":"wp","href":"https:\/\/api.w.org\/{rel}","templated":true}]}}