{"id":5571,"date":"2019-09-09T17:31:22","date_gmt":"2019-09-09T17:31:22","guid":{"rendered":"https:\/\/arroyitoonline.com.ar\/?p=5571"},"modified":"2019-09-09T17:36:16","modified_gmt":"2019-09-09T17:36:16","slug":"manejaba-su-moto-en-contramano-choco-con-un-auto-y-resulto-herido","status":"publish","type":"post","link":"https:\/\/arroyitoonline.com.ar\/?p=5571","title":{"rendered":"Manejaba su moto en contramano, choc\u00f3 con un auto y result\u00f3 herido"},"content":{"rendered":"\n<p><strong>El joven es de Arroyito y tiene 22 a\u00f1os. Fue trasladado al hospital\nmunicipal. <\/strong><\/p>\n\n\n\n<p>El viernes\npasado, a las 15:00 horas, se produjo un accidente de tr\u00e1nsito en la\nintersecci\u00f3n de las calles General Paz y Bartolom\u00e9 Mitre.<\/p>\n\n\n\n<p>Al lugar\nse acerc\u00f3 personal policial entrevistando a una mujer (55) oriunda de la Villa\nConcepci\u00f3n, quien manifest\u00f3 que conduc\u00eda su auto Volkswagen Bora por General Paz,\nen sentido de este a oeste.<\/p>\n\n\n\n<p>Por causas\nque tratan de establecerse colision\u00f3 con una moto Honda Wave 110 cc roja, sin\ndominio, manejada por un joven (22) de Arroyito, quien andaba de sur a norte. <\/p>\n\n\n\n<p>Se hizo presente el servicio de emergencias trasladando al ocupante del rodado menor al hospital municipal local, donde fue asistido por un m\u00e9dico. Se iniciaron las correspondientes actuaciones sumariales.  <\/p>\n\n\n\n<p>Fuente: informe del comisario Inspector Pablo Berardo, jefe zona de Inspecci\u00f3n N\u00ba 4. <\/p>\n","protected":false},"excerpt":{"rendered":"<p>El joven es de Arroyito y tiene 22 a\u00f1os. Fue trasladado al hospital municipal. El viernes pasado, a las 15:00&hellip;<\/p>\n","protected":false},"author":3,"featured_media":2722,"comment_status":"closed","ping_status":"open","sticky":false,"template":"","format":"standard","meta":{"footnotes":""},"categories":[824],"tags":[22,66,67,836,572,635,637,638,825],"class_list":["post-5571","post","type-post","status-publish","format-standard","has-post-thumbnail","hentry","category-policiales-online","tag-accidente","tag-arroyito","tag-arroyito-cordoba","tag-arroyito-online","tag-noticias-de-arroyito-y-zona","tag-policia","tag-policiales","tag-policiales-arroyito","tag-policiales-online"],"_links":{"self":[{"href":"https:\/\/arroyitoonline.com.ar\/index.php?rest_route=\/wp\/v2\/posts\/5571","targetHints":{"allow":["GET"]}}],"collection":[{"href":"https:\/\/arroyitoonline.com.ar\/index.php?rest_route=\/wp\/v2\/posts"}],"about":[{"href":"https:\/\/arroyitoonline.com.ar\/index.php?rest_route=\/wp\/v2\/types\/post"}],"author":[{"embeddable":true,"href":"https:\/\/arroyitoonline.com.ar\/index.php?rest_route=\/wp\/v2\/users\/3"}],"replies":[{"embeddable":true,"href":"https:\/\/arroyitoonline.com.ar\/index.php?rest_route=%2Fwp%2Fv2%2Fcomments&post=5571"}],"version-history":[{"count":3,"href":"https:\/\/arroyitoonline.com.ar\/index.php?rest_route=\/wp\/v2\/posts\/5571\/revisions"}],"predecessor-version":[{"id":5575,"href":"https:\/\/arroyitoonline.com.ar\/index.php?rest_route=\/wp\/v2\/posts\/5571\/revisions\/5575"}],"wp:featuredmedia":[{"embeddable":true,"href":"https:\/\/arroyitoonline.com.ar\/index.php?rest_route=\/wp\/v2\/media\/2722"}],"wp:attachment":[{"href":"https:\/\/arroyitoonline.com.ar\/index.php?rest_route=%2Fwp%2Fv2%2Fmedia&parent=5571"}],"wp:term":[{"taxonomy":"category","embeddable":true,"href":"https:\/\/arroyitoonline.com.ar\/index.php?rest_route=%2Fwp%2Fv2%2Fcategories&post=5571"},{"taxonomy":"post_tag","embeddable":true,"href":"https:\/\/arroyitoonline.com.ar\/index.php?rest_route=%2Fwp%2Fv2%2Ftags&post=5571"}],"curies":[{"name":"wp","href":"https:\/\/api.w.org\/{rel}","templated":true}]}}