{"id":5587,"date":"2019-09-09T15:39:43","date_gmt":"2019-09-09T15:39:43","guid":{"rendered":"https:\/\/arroyitoonline.com.ar\/?p=5587"},"modified":"2019-09-09T20:06:40","modified_gmt":"2019-09-09T20:06:40","slug":"la-cespal-informo-como-funciona-el-otorgamiento-de-la-tarifa-social-de-luz","status":"publish","type":"post","link":"https:\/\/arroyitoonline.com.ar\/?p=5587","title":{"rendered":"La Cespal inform\u00f3 c\u00f3mo funciona el otorgamiento de la Tarifa Social de luz"},"content":{"rendered":"\n<p><strong>Los formularios est\u00e1n a disposici\u00f3n\nde los asociados en el \u00e1rea de atenci\u00f3n al p\u00fablico, de 7:00 a 13:00 horas.<\/strong><\/p>\n\n\n\n<p>La\nCooperativa de Electricidad y Servicios P\u00fablicos de Arroyito Limitada inform\u00f3\nque el otorgamiento de la Tarifa Social Provincial de Energ\u00eda El\u00e9ctrica\ndepende, de manera exclusiva, del Ministerio de Desarrollo Social.<\/p>\n\n\n\n<p>Los&nbsp;<strong>usuarios que posean Tarifa Social Provincial<\/strong>&nbsp;<strong>de Energ\u00eda El\u00e9ctrica deben ratificar su condici\u00f3n<\/strong>, para ello completar\u00e1n un formulario, con el objetivo de que contin\u00faen gozando de este beneficio.<\/p>\n\n\n\n<p>A su vez, <strong>aquellos que en la actualidad lo tengan y consideren que deban renunciarlo <\/strong>por no corresponderles,&nbsp;tambi\u00e9n&nbsp;<strong>se dar\u00e1n de baja<\/strong>&nbsp;a trav\u00e9s del formulario.<\/p>\n\n\n\n<p>Los&nbsp;<strong>usuarios\nque no lo posean y crean que deben contar con el beneficio completar\u00e1n la\nsolicitud de inscripci\u00f3n para su incorporaci\u00f3n.<\/strong><\/p>\n\n\n\n<p>Todos estos\nformularios est\u00e1n a disposici\u00f3n de los asociados en el \u00e1rea de atenci\u00f3n al\np\u00fablico de Cespal, en el horario de 7:00 a 13:00 horas. <\/p>\n\n\n\n<p>El programa\ntiene como objetivo la reducci\u00f3n de los gastos correspondientes a tarifas de\nenerg\u00eda el\u00e9ctrica para viviendas de familias que se encuentran bajo la l\u00ednea de\npobreza o indigencia, jubilados o pensionados con la m\u00ednima Nacional, o\npersonas con discapacidad de la Provincia de C\u00f3rdoba.<\/p>\n\n\n\n<p><strong>Condiciones\nde accesibilidad:<\/strong><\/p>\n\n\n\n<p>\u2022 Hogares\nque se encuentren bajo la l\u00ednea de pobreza o indigencia (seg\u00fan datos publicados\npor el Indec).<\/p>\n\n\n\n<p>\u2022 No ser\npropietario de m\u00e1s de un inmueble.<\/p>\n\n\n\n<p>\u2022 No poseer\nautom\u00f3vil modelo menor de 10 a\u00f1os.<\/p>\n\n\n\n<p>\u2022 Servicio\ndestinado exclusivamente a vivienda familiar (poseer solo un suministro).<\/p>\n\n\n\n<p>\u2022 En caso de personas con discapacidad, poseer Certificado \u00danico de Discapacidad (CUD \u2013 debe adjuntarse).<\/p>\n\n\n\n<p>Deber\u00e1 adjuntarse: FOTOCOPIA DE DNI DEL TITULAR Y LOS OCUPANTES DEL GRUPO FAMILIAR CONVIVIENTE.<\/p>\n\n\n\n<p>Foto solo a modo ilustrativo: jujuyalmomento.com<\/p>\n","protected":false},"excerpt":{"rendered":"<p>Los formularios est\u00e1n a disposici\u00f3n de los asociados en el \u00e1rea de atenci\u00f3n al p\u00fablico, de 7:00 a 13:00 horas.&hellip;<\/p>\n","protected":false},"author":3,"featured_media":5588,"comment_status":"closed","ping_status":"open","sticky":false,"template":"","format":"standard","meta":{"footnotes":""},"categories":[879],"tags":[66,67,836,240,405,510,572,731,732,1021,751],"class_list":["post-5587","post","type-post","status-publish","format-standard","has-post-thumbnail","hentry","category-servicios-publicos","tag-arroyito","tag-arroyito-cordoba","tag-arroyito-online","tag-cooperativa","tag-gobierno-de-la-provincia","tag-luz","tag-noticias-de-arroyito-y-zona","tag-servicios","tag-servicios-publicos","tag-tarifa-social","tag-tarifas"],"_links":{"self":[{"href":"https:\/\/arroyitoonline.com.ar\/index.php?rest_route=\/wp\/v2\/posts\/5587","targetHints":{"allow":["GET"]}}],"collection":[{"href":"https:\/\/arroyitoonline.com.ar\/index.php?rest_route=\/wp\/v2\/posts"}],"about":[{"href":"https:\/\/arroyitoonline.com.ar\/index.php?rest_route=\/wp\/v2\/types\/post"}],"author":[{"embeddable":true,"href":"https:\/\/arroyitoonline.com.ar\/index.php?rest_route=\/wp\/v2\/users\/3"}],"replies":[{"embeddable":true,"href":"https:\/\/arroyitoonline.com.ar\/index.php?rest_route=%2Fwp%2Fv2%2Fcomments&post=5587"}],"version-history":[{"count":3,"href":"https:\/\/arroyitoonline.com.ar\/index.php?rest_route=\/wp\/v2\/posts\/5587\/revisions"}],"predecessor-version":[{"id":5594,"href":"https:\/\/arroyitoonline.com.ar\/index.php?rest_route=\/wp\/v2\/posts\/5587\/revisions\/5594"}],"wp:featuredmedia":[{"embeddable":true,"href":"https:\/\/arroyitoonline.com.ar\/index.php?rest_route=\/wp\/v2\/media\/5588"}],"wp:attachment":[{"href":"https:\/\/arroyitoonline.com.ar\/index.php?rest_route=%2Fwp%2Fv2%2Fmedia&parent=5587"}],"wp:term":[{"taxonomy":"category","embeddable":true,"href":"https:\/\/arroyitoonline.com.ar\/index.php?rest_route=%2Fwp%2Fv2%2Fcategories&post=5587"},{"taxonomy":"post_tag","embeddable":true,"href":"https:\/\/arroyitoonline.com.ar\/index.php?rest_route=%2Fwp%2Fv2%2Ftags&post=5587"}],"curies":[{"name":"wp","href":"https:\/\/api.w.org\/{rel}","templated":true}]}}