{"id":5601,"date":"2019-09-10T14:27:56","date_gmt":"2019-09-10T14:27:56","guid":{"rendered":"https:\/\/arroyitoonline.com.ar\/?p=5601"},"modified":"2019-09-10T14:27:57","modified_gmt":"2019-09-10T14:27:57","slug":"el-trailer-del-ministerio-de-trabajo-empleo-y-seguridad-social-llego-a-arroyito","status":"publish","type":"post","link":"https:\/\/arroyitoonline.com.ar\/?p=5601","title":{"rendered":"El Trailer del Ministerio de Trabajo, Empleo y Seguridad Social lleg\u00f3 a Arroyito"},"content":{"rendered":"\n<p><strong>La atenci\u00f3n, que ser\u00e1 hasta el viernes inclusive, est\u00e1 dirigida a j\u00f3venes de 18 a 24 a\u00f1os. <\/strong><\/p>\n\n\n\n<p>Desde hoy martes 10 y hasta el viernes 13 inclusive, en el horario de 8:00 a 13:00, el Trailer del Ministerio de Trabajo, Empleo y Seguridad Social de Presidencia de la Naci\u00f3n se encuentra en la Plaza 25 de Mayo. La atenci\u00f3n est\u00e1 dirigida a j\u00f3venes de 18 a 24 a\u00f1os.<\/p>\n\n\n\n<p>Durante estos d\u00edas se brindar\u00e1 asesoramiento sobre el Programa J\u00f3venes con M\u00e1s y Mejor Trabajo, acerca de aquellas herramientas \u00fatiles para encarar una entrevista laboral, entre otros temas. Se har\u00e1 foco en el Programa y se ofrecer\u00e1 la posibilidad de adherirse en el momento.<\/p>\n\n\n\n<p><em>\u201cContinuamos con pol\u00edticas abocadas a\nmejorar la empleabilidad de nuestros j\u00f3venes\u201d<\/em>,\nexpresaron desde el Municipio. <\/p>\n\n\n\n<p>Fuente:\nPrensa Municipal. <\/p>\n","protected":false},"excerpt":{"rendered":"<p>La atenci\u00f3n, que ser\u00e1 hasta el viernes inclusive, est\u00e1 dirigida a j\u00f3venes de 18 a 24 a\u00f1os. Desde hoy martes&hellip;<\/p>\n","protected":false},"author":3,"featured_media":5604,"comment_status":"closed","ping_status":"open","sticky":false,"template":"","format":"standard","meta":{"footnotes":""},"categories":[829],"tags":[66,67,836,324,857,471,537,868,555,556,572,768],"class_list":["post-5601","post","type-post","status-publish","format-standard","has-post-thumbnail","hentry","category-municipales-online","tag-arroyito","tag-arroyito-cordoba","tag-arroyito-online","tag-empleo","tag-gobierno-nacional","tag-jovenes","tag-ministerio-de-trabajo","tag-municipales-online","tag-municipalidad","tag-municipalidad-de-arroyito","tag-noticias-de-arroyito-y-zona","tag-trabajo"],"_links":{"self":[{"href":"https:\/\/arroyitoonline.com.ar\/index.php?rest_route=\/wp\/v2\/posts\/5601","targetHints":{"allow":["GET"]}}],"collection":[{"href":"https:\/\/arroyitoonline.com.ar\/index.php?rest_route=\/wp\/v2\/posts"}],"about":[{"href":"https:\/\/arroyitoonline.com.ar\/index.php?rest_route=\/wp\/v2\/types\/post"}],"author":[{"embeddable":true,"href":"https:\/\/arroyitoonline.com.ar\/index.php?rest_route=\/wp\/v2\/users\/3"}],"replies":[{"embeddable":true,"href":"https:\/\/arroyitoonline.com.ar\/index.php?rest_route=%2Fwp%2Fv2%2Fcomments&post=5601"}],"version-history":[{"count":1,"href":"https:\/\/arroyitoonline.com.ar\/index.php?rest_route=\/wp\/v2\/posts\/5601\/revisions"}],"predecessor-version":[{"id":5605,"href":"https:\/\/arroyitoonline.com.ar\/index.php?rest_route=\/wp\/v2\/posts\/5601\/revisions\/5605"}],"wp:featuredmedia":[{"embeddable":true,"href":"https:\/\/arroyitoonline.com.ar\/index.php?rest_route=\/wp\/v2\/media\/5604"}],"wp:attachment":[{"href":"https:\/\/arroyitoonline.com.ar\/index.php?rest_route=%2Fwp%2Fv2%2Fmedia&parent=5601"}],"wp:term":[{"taxonomy":"category","embeddable":true,"href":"https:\/\/arroyitoonline.com.ar\/index.php?rest_route=%2Fwp%2Fv2%2Fcategories&post=5601"},{"taxonomy":"post_tag","embeddable":true,"href":"https:\/\/arroyitoonline.com.ar\/index.php?rest_route=%2Fwp%2Fv2%2Ftags&post=5601"}],"curies":[{"name":"wp","href":"https:\/\/api.w.org\/{rel}","templated":true}]}}