{"id":5613,"date":"2019-09-11T14:41:19","date_gmt":"2019-09-11T14:41:19","guid":{"rendered":"https:\/\/arroyitoonline.com.ar\/?p=5613"},"modified":"2019-09-11T14:41:25","modified_gmt":"2019-09-11T14:41:25","slug":"el-comite-provincia-de-la-ucr-convoco-a-elecciones-internas-para-el-29-de-septiembre","status":"publish","type":"post","link":"https:\/\/arroyitoonline.com.ar\/?p=5613","title":{"rendered":"El Comit\u00e9 Provincia de la UCR convoc\u00f3 a elecciones internas para el 29 de septiembre"},"content":{"rendered":"\n<p><strong>Aunque se despej\u00f3 la duda de la fecha, un grupo de militantes expres\u00f3\nque enviar\u00e1 una nota de impugnaci\u00f3n <em>\u201cporque\nno se cumplen los plazos de la carta org\u00e1nica partidaria\u201d<\/em>. <\/strong><\/p>\n\n\n\n<p>Tras una\nlarga espera, el pasado 9 de septiembre, el Comit\u00e9 Central de la Provincia de\nla Uni\u00f3n C\u00edvica Radical envi\u00f3 una nota firmada por el presidente Ram\u00f3n Mestre y\nel secretario General Alberto Zapiola informando la fecha de elecciones\ninternas en Arroyito. <\/p>\n\n\n\n<p>En el caso de\nrealizarse, los comicios ser\u00e1n el domingo 29 de septiembre, de 8:00 a 18:00\nhoras, para afiliados radicales y ciudadanos independientes. Se elegir\u00e1n un\ncandidato a intendente municipal, un candidato a viceintendente municipal,\nnueve candidatos a concejales titulares, nueve candidatos a concejales\nsuplentes, tres candidatos a miembros titulares y tres candidatos a miembros\nsuplentes del Tribunal de Cuentas Municipal. <\/p>\n\n\n\n<ul class=\"wp-block-gallery columns-2 is-cropped wp-block-gallery-1 is-layout-flex wp-block-gallery-is-layout-flex\"><li class=\"blocks-gallery-item\"><figure><img loading=\"lazy\" decoding=\"async\" width=\"672\" height=\"1024\" src=\"https:\/\/arroyitoonline.com.ar\/wp-content\/uploads\/2019\/09\/llamado-a-internas-1_Fotor-672x1024.jpg\" alt=\"\" data-id=\"5615\" data-link=\"https:\/\/arroyitoonline.com.ar\/?attachment_id=5615\" class=\"wp-image-5615\" srcset=\"https:\/\/arroyitoonline.com.ar\/wp-content\/uploads\/2019\/09\/llamado-a-internas-1_Fotor-672x1024.jpg 672w, https:\/\/arroyitoonline.com.ar\/wp-content\/uploads\/2019\/09\/llamado-a-internas-1_Fotor-197x300.jpg 197w, https:\/\/arroyitoonline.com.ar\/wp-content\/uploads\/2019\/09\/llamado-a-internas-1_Fotor.jpg 698w\" sizes=\"auto, (max-width: 672px) 100vw, 672px\" \/><\/figure><\/li><li class=\"blocks-gallery-item\"><figure><img loading=\"lazy\" decoding=\"async\" width=\"712\" height=\"1012\" src=\"https:\/\/arroyitoonline.com.ar\/wp-content\/uploads\/2019\/09\/llamado-a-internas-2_Fotor.jpg\" alt=\"\" data-id=\"5616\" data-link=\"https:\/\/arroyitoonline.com.ar\/?attachment_id=5616\" class=\"wp-image-5616\" srcset=\"https:\/\/arroyitoonline.com.ar\/wp-content\/uploads\/2019\/09\/llamado-a-internas-2_Fotor.jpg 712w, https:\/\/arroyitoonline.com.ar\/wp-content\/uploads\/2019\/09\/llamado-a-internas-2_Fotor-211x300.jpg 211w\" sizes=\"auto, (max-width: 712px) 100vw, 712px\" \/><\/figure><\/li><\/ul>\n\n\n\n<p>Adem\u00e1s,\nagregaron que el viernes 20 de septiembre a las 20:00 horas vence el plazo para\nel reconocimiento de n\u00facleos internos, alianzas de n\u00facleos internos y\npresentaci\u00f3n de listas de precandidatos. <\/p>\n\n\n\n<p>Hasta el momento, la \u00fanica certeza \u2013confirmada en las \u00faltimas horas, en conferencia de prensa- es que dos precandidatos de diferentes n\u00facleos partidarios llegaron a un acuerdo. Se trata de Lidia Mart\u00ednez y Daniel Lafarina, cuya alianza se constituir\u00eda como una de las listas que competir\u00e1n en la interna. Tambi\u00e9n estar\u00eda en carrera la f\u00f3rmula Gloria Brizuela\u2013Eugenio Acosta.<\/p>\n\n\n\n<p>Pero, lo que a\u00fan est\u00e1 en duda, es la participaci\u00f3n en la contienda partidaria de Gustavo Benedetti quien, seg\u00fan pudo saber <strong>Arroyito Online<\/strong>, est\u00e1 cerca de irse por fuera directo a la general.<\/p>\n\n\n\n<p>Con este panorama, la interna puede terminar siendo un mano a mano entre el actual secretario de Obras P\u00fablicas y la exsecretaria de Hacienda y Finanzas. Pero habr\u00e1 que esperar. <\/p>\n\n\n\n<p><strong>La presunta impugnaci\u00f3n<\/strong><\/p>\n\n\n\n<p>Una vez conocido el llamado a internas, aparecieron algunos militantes radicales avisando que presentar\u00e1n hoy, una nota de impugnaci\u00f3n de los comicios, ya que la convocatoria no se ajustar\u00eda a lo dicho en el Cap\u00edtulo cuarto de la secci\u00f3n primera de la Carta Org\u00e1nica Partidaria, en su art\u00edculo 92, donde reza que <em>\u201cla convocatoria\u2026 se har\u00e1 no menos de 90 d\u00edas antes de la fecha de la elecci\u00f3n interna\u201d<\/em>.  <\/p>\n\n\n\n<figure class=\"wp-block-image\"><img loading=\"lazy\" decoding=\"async\" width=\"637\" height=\"735\" src=\"https:\/\/arroyitoonline.com.ar\/wp-content\/uploads\/2019\/09\/carta-org\u00e1nica-del-partido_Fotor.jpg\" alt=\"\" class=\"wp-image-5614\" srcset=\"https:\/\/arroyitoonline.com.ar\/wp-content\/uploads\/2019\/09\/carta-org\u00e1nica-del-partido_Fotor.jpg 637w, https:\/\/arroyitoonline.com.ar\/wp-content\/uploads\/2019\/09\/carta-org\u00e1nica-del-partido_Fotor-260x300.jpg 260w\" sizes=\"auto, (max-width: 637px) 100vw, 637px\" \/><figcaption><em>La imagen de la carta org\u00e1nica partidaria que avalar\u00eda el pedido de impugnaci\u00f3n<\/em><\/figcaption><\/figure>\n\n\n\n<p>Foto solo a modo ilustrativo: El Estadista.<\/p>\n","protected":false},"excerpt":{"rendered":"<p>Aunque se despej\u00f3 la duda de la fecha, un grupo de militantes expres\u00f3 que enviar\u00e1 una nota de impugnaci\u00f3n \u201cporque&hellip;<\/p>\n","protected":false},"author":3,"featured_media":5617,"comment_status":"closed","ping_status":"open","sticky":false,"template":"","format":"standard","meta":{"footnotes":""},"categories":[8],"tags":[13,66,67,836,318,454,870,572,640,667,871],"class_list":["post-5613","post","type-post","status-publish","format-standard","has-post-thumbnail","hentry","category-politica","tag-13","tag-arroyito","tag-arroyito-cordoba","tag-arroyito-online","tag-elecciones","tag-intendente","tag-interna-radical","tag-noticias-de-arroyito-y-zona","tag-politica","tag-radical","tag-radicalismo"],"_links":{"self":[{"href":"https:\/\/arroyitoonline.com.ar\/index.php?rest_route=\/wp\/v2\/posts\/5613","targetHints":{"allow":["GET"]}}],"collection":[{"href":"https:\/\/arroyitoonline.com.ar\/index.php?rest_route=\/wp\/v2\/posts"}],"about":[{"href":"https:\/\/arroyitoonline.com.ar\/index.php?rest_route=\/wp\/v2\/types\/post"}],"author":[{"embeddable":true,"href":"https:\/\/arroyitoonline.com.ar\/index.php?rest_route=\/wp\/v2\/users\/3"}],"replies":[{"embeddable":true,"href":"https:\/\/arroyitoonline.com.ar\/index.php?rest_route=%2Fwp%2Fv2%2Fcomments&post=5613"}],"version-history":[{"count":1,"href":"https:\/\/arroyitoonline.com.ar\/index.php?rest_route=\/wp\/v2\/posts\/5613\/revisions"}],"predecessor-version":[{"id":5618,"href":"https:\/\/arroyitoonline.com.ar\/index.php?rest_route=\/wp\/v2\/posts\/5613\/revisions\/5618"}],"wp:featuredmedia":[{"embeddable":true,"href":"https:\/\/arroyitoonline.com.ar\/index.php?rest_route=\/wp\/v2\/media\/5617"}],"wp:attachment":[{"href":"https:\/\/arroyitoonline.com.ar\/index.php?rest_route=%2Fwp%2Fv2%2Fmedia&parent=5613"}],"wp:term":[{"taxonomy":"category","embeddable":true,"href":"https:\/\/arroyitoonline.com.ar\/index.php?rest_route=%2Fwp%2Fv2%2Fcategories&post=5613"},{"taxonomy":"post_tag","embeddable":true,"href":"https:\/\/arroyitoonline.com.ar\/index.php?rest_route=%2Fwp%2Fv2%2Ftags&post=5613"}],"curies":[{"name":"wp","href":"https:\/\/api.w.org\/{rel}","templated":true}]}}