{"id":5623,"date":"2019-09-11T17:21:05","date_gmt":"2019-09-11T17:21:05","guid":{"rendered":"https:\/\/arroyitoonline.com.ar\/?p=5623"},"modified":"2019-09-11T17:24:01","modified_gmt":"2019-09-11T17:24:01","slug":"claudia-gaitan-es-la-nueva-vicedirectora-del-ipetaym-68","status":"publish","type":"post","link":"https:\/\/arroyitoonline.com.ar\/?p=5623","title":{"rendered":"Claudia Gait\u00e1n es la nueva vicedirectora del Ipetaym 68"},"content":{"rendered":"\n<p><strong>La docente con m\u00e1s de 30 a\u00f1os de trayectoria asumi\u00f3 el cargo tras la dimisi\u00f3n, por razones personales, de la Lic. Ana Taborda Ovejero. <\/strong><\/p>\n\n\n\n<p>El 9 de septiembre pasado, la Inspecci\u00f3n de Educaci\u00f3n T\u00e9cnica Zona X, a trav\u00e9s de su p\u00e1gina en la red social Facebook, le dio <em>&#8220;la m\u00e1s c\u00e1lida de las bienvenidas a la Prof. Claudia Gait\u00e1n, quien a partir del d\u00eda de la fecha es la vicedirectora del Ipetaym N\u00ba 68 Coronel Don Luis \u00c1lvarez, de Arroyito, y le desea el mayor de los \u00e9xitos en su gesti\u00f3n&#8221;<\/em>.<\/p>\n\n\n\n<p>De esta manera se hizo p\u00fablica la novedad de que la docente, con m\u00e1s de 30 a\u00f1os de trayectoria, cumple ahora ese rol dentro de la instituci\u00f3n educativa encabezada por Carlos Goncebat; desde la cual tambi\u00e9n la recibieron, con <em>&#8220;Todo el apoyo de esta, nuestra gran familia&#8221;<\/em>.<\/p>\n\n\n\n<figure><iframe loading=\"lazy\" src=\"https:\/\/www.facebook.com\/plugins\/post.php?href=https%3A%2F%2Fwww.facebook.com%2FIpetaymn68%2Fposts%2F2406250252785439&amp;width=500\" width=\"500\" height=\"632\"><\/iframe><\/figure>\n\n\n\n<p>La asunci\u00f3n de la flamante vicedirectora se produjo luego de la reciente renuncia de la Lic. Ana Taborda Ovejero, por cuestiones personales. <\/p>\n\n\n\n<p>Cabe destacar que Gait\u00e1n es, en la actualidad, miembro de la comisi\u00f3n directiva del Sindicato de Empleados P\u00fablicos de C\u00f3rdoba (SEP), en el rol de secretaria de Cultura y Capacitaci\u00f3n, cargo que asumi\u00f3 tras las elecciones del 12 de abril pasado, a ra\u00edz de la victoria de la lista 1 (Blanca) encabezada por el secretario General del gremio, Jos\u00e9 Pepe Pih\u00e9n. <\/p>\n\n\n\n<figure><iframe loading=\"lazy\" src=\"https:\/\/www.facebook.com\/plugins\/post.php?href=https%3A%2F%2Fwww.facebook.com%2FIpetaymn68%2Fposts%2F2406569006086897&amp;width=500\" width=\"500\" height=\"783\"><\/iframe><\/figure>\n\n\n\n<p>Desde el Ipetaym recibieron <em>&#8220;con alegr\u00eda a la profesora Claudia Gait\u00e1n, docente de a\u00f1os en nuestra escuela, dese\u00e1ndole todo lo mejor en este nuevo rol que asume&#8221;<\/em>. <\/p>\n","protected":false},"excerpt":{"rendered":"<p>La docente con m\u00e1s de 30 a\u00f1os de trayectoria asumi\u00f3 el cargo tras la dimisi\u00f3n, por razones personales, de la&hellip;<\/p>\n","protected":false},"author":3,"featured_media":5624,"comment_status":"closed","ping_status":"open","sticky":false,"template":"","format":"standard","meta":{"footnotes":""},"categories":[830],"tags":[66,67,836,310,339,462,572],"class_list":["post-5623","post","type-post","status-publish","format-standard","has-post-thumbnail","hentry","category-educacion-online","tag-arroyito","tag-arroyito-cordoba","tag-arroyito-online","tag-educacion","tag-escuela","tag-ipetaym-68","tag-noticias-de-arroyito-y-zona"],"_links":{"self":[{"href":"https:\/\/arroyitoonline.com.ar\/index.php?rest_route=\/wp\/v2\/posts\/5623","targetHints":{"allow":["GET"]}}],"collection":[{"href":"https:\/\/arroyitoonline.com.ar\/index.php?rest_route=\/wp\/v2\/posts"}],"about":[{"href":"https:\/\/arroyitoonline.com.ar\/index.php?rest_route=\/wp\/v2\/types\/post"}],"author":[{"embeddable":true,"href":"https:\/\/arroyitoonline.com.ar\/index.php?rest_route=\/wp\/v2\/users\/3"}],"replies":[{"embeddable":true,"href":"https:\/\/arroyitoonline.com.ar\/index.php?rest_route=%2Fwp%2Fv2%2Fcomments&post=5623"}],"version-history":[{"count":2,"href":"https:\/\/arroyitoonline.com.ar\/index.php?rest_route=\/wp\/v2\/posts\/5623\/revisions"}],"predecessor-version":[{"id":5627,"href":"https:\/\/arroyitoonline.com.ar\/index.php?rest_route=\/wp\/v2\/posts\/5623\/revisions\/5627"}],"wp:featuredmedia":[{"embeddable":true,"href":"https:\/\/arroyitoonline.com.ar\/index.php?rest_route=\/wp\/v2\/media\/5624"}],"wp:attachment":[{"href":"https:\/\/arroyitoonline.com.ar\/index.php?rest_route=%2Fwp%2Fv2%2Fmedia&parent=5623"}],"wp:term":[{"taxonomy":"category","embeddable":true,"href":"https:\/\/arroyitoonline.com.ar\/index.php?rest_route=%2Fwp%2Fv2%2Fcategories&post=5623"},{"taxonomy":"post_tag","embeddable":true,"href":"https:\/\/arroyitoonline.com.ar\/index.php?rest_route=%2Fwp%2Fv2%2Ftags&post=5623"}],"curies":[{"name":"wp","href":"https:\/\/api.w.org\/{rel}","templated":true}]}}