{"id":5628,"date":"2019-09-10T17:47:21","date_gmt":"2019-09-10T17:47:21","guid":{"rendered":"https:\/\/arroyitoonline.com.ar\/?p=5628"},"modified":"2019-09-11T17:55:36","modified_gmt":"2019-09-11T17:55:36","slug":"la-direccion-de-transito-brindo-una-charla-sobre-educacion-vial-en-el-jardin-fulvio-pagani","status":"publish","type":"post","link":"https:\/\/arroyitoonline.com.ar\/?p=5628","title":{"rendered":"La direcci\u00f3n de Tr\u00e1nsito brind\u00f3 una charla sobre educaci\u00f3n vial en el Jard\u00edn Fulvio Pagani"},"content":{"rendered":"\n<p><strong>La directora Cintia Bruera y un inspector visitaron la salita de 5 y dialogaron con los ni\u00f1os, sobre medidas de seguridad para la circulaci\u00f3n en veh\u00edculos. <\/strong><\/p>\n\n\n\n<p>El pasado viernes 6 de septiembre, la directora municipal de Tr\u00e1nsito Cintia Bruera y un inspector fueron invitados al Jard\u00edn de Infantes Fulvio Salvador Pagani, donde brindaron una charla a los nenes y nenas de la salita de 5.<\/p>\n\n\n\n<p>En ocasi\u00f3n de esa visita dialogaron sobre Educaci\u00f3n Vial refiri\u00e9ndose al correcto uso de la bicicleta y sus medidas de seguridad en la v\u00eda p\u00fablica. Adem\u00e1s trataron el tema de la utilizaci\u00f3n del casco y el cintur\u00f3n de seguridad para ni\u00f1os y adultos que circulan en calles o rutas.&nbsp;<\/p>\n\n\n\n<p>Desde la dependencia agradecieron <em>&#8220;a dicha Instituci\u00f3n por la iniciativa de educar a los ni\u00f1os con respecto a la circulaci\u00f3n en la v\u00eda p\u00fablica&#8221;<\/em>.<\/p>\n\n\n\n<p>Fuente: Prensa Municipal. <\/p>\n","protected":false},"excerpt":{"rendered":"<p>La directora Cintia Bruera y un inspector visitaron la salita de 5 y dialogaron con los ni\u00f1os, sobre medidas de&hellip;<\/p>\n","protected":false},"author":3,"featured_media":5631,"comment_status":"closed","ping_status":"open","sticky":false,"template":"","format":"standard","meta":{"footnotes":""},"categories":[942],"tags":[66,67,836,295,465,556,572,771],"class_list":["post-5628","post","type-post","status-publish","format-standard","has-post-thumbnail","hentry","category-transito","tag-arroyito","tag-arroyito-cordoba","tag-arroyito-online","tag-direccion-de-transito","tag-jardin-de-infantes","tag-municipalidad-de-arroyito","tag-noticias-de-arroyito-y-zona","tag-transito"],"_links":{"self":[{"href":"https:\/\/arroyitoonline.com.ar\/index.php?rest_route=\/wp\/v2\/posts\/5628","targetHints":{"allow":["GET"]}}],"collection":[{"href":"https:\/\/arroyitoonline.com.ar\/index.php?rest_route=\/wp\/v2\/posts"}],"about":[{"href":"https:\/\/arroyitoonline.com.ar\/index.php?rest_route=\/wp\/v2\/types\/post"}],"author":[{"embeddable":true,"href":"https:\/\/arroyitoonline.com.ar\/index.php?rest_route=\/wp\/v2\/users\/3"}],"replies":[{"embeddable":true,"href":"https:\/\/arroyitoonline.com.ar\/index.php?rest_route=%2Fwp%2Fv2%2Fcomments&post=5628"}],"version-history":[{"count":2,"href":"https:\/\/arroyitoonline.com.ar\/index.php?rest_route=\/wp\/v2\/posts\/5628\/revisions"}],"predecessor-version":[{"id":5632,"href":"https:\/\/arroyitoonline.com.ar\/index.php?rest_route=\/wp\/v2\/posts\/5628\/revisions\/5632"}],"wp:featuredmedia":[{"embeddable":true,"href":"https:\/\/arroyitoonline.com.ar\/index.php?rest_route=\/wp\/v2\/media\/5631"}],"wp:attachment":[{"href":"https:\/\/arroyitoonline.com.ar\/index.php?rest_route=%2Fwp%2Fv2%2Fmedia&parent=5628"}],"wp:term":[{"taxonomy":"category","embeddable":true,"href":"https:\/\/arroyitoonline.com.ar\/index.php?rest_route=%2Fwp%2Fv2%2Fcategories&post=5628"},{"taxonomy":"post_tag","embeddable":true,"href":"https:\/\/arroyitoonline.com.ar\/index.php?rest_route=%2Fwp%2Fv2%2Ftags&post=5628"}],"curies":[{"name":"wp","href":"https:\/\/api.w.org\/{rel}","templated":true}]}}