{"id":5635,"date":"2019-09-10T14:32:29","date_gmt":"2019-09-10T14:32:29","guid":{"rendered":"https:\/\/arroyitoonline.com.ar\/?p=5635"},"modified":"2019-09-12T02:43:05","modified_gmt":"2019-09-12T02:43:05","slug":"el-polideportivo-participo-del-23-encuentro-regional-deportivo-y-recreativo-para-personas-con-discapacidad","status":"publish","type":"post","link":"https:\/\/arroyitoonline.com.ar\/?p=5635","title":{"rendered":"El Polideportivo particip\u00f3 del 23\u00b0 Encuentro Regional Deportivo y Recreativo para personas con Discapacidad"},"content":{"rendered":"\n<p><strong>El evento, que cont\u00f3 con m\u00e1s de 600 asistentes, se desarroll\u00f3 en el predio de la Sociedad Rural, de la ciudad de San Francisco.<\/strong><\/p>\n\n\n\n<p>El jueves 5 de septiembre, los j\u00f3venes de Acercar que concurren al Polideportivo Municipal para el desarrollo de actividades f\u00edsicas, participaron del 23\u00ba Encuentro Regional Deportivo y Recreativo para personas con Discapacidad, en el predio de la Sociedad Rural de la ciudad de San Francisco. <\/p>\n\n\n\n<p>El acto inaugural estuvo encabezado por el intendente anfitri\u00f3n, Ignacio Garc\u00eda Aresca, qui\u00e9n acompa\u00f1o a los m\u00e1s de 600 chicos que formaron parte de esta experiencia, con la pr\u00e1ctica de deportes adaptados, como F\u00fatbol, Golf, Tenis, Handball, Voley y juegos did\u00e1cticos. <\/p>\n\n\n\n<p>M\u00e1s all\u00e1 de las actividades propuestas, se concret\u00f3 una jornada plena de camarader\u00eda, compartiendo espacio e intercambiando vivencias con otros grupos e instituciones provenientes de localidades como Freyre, La Francia, El T\u00edo, Devoto, San Francisco, Rafaela, Sastre, Frontera, y otras.<\/p>\n\n\n\n<p>Desde el Municipio de Arroyito, el intendente Mauricio Cravero, agradeci\u00f3 a los padres <em>&#8220;por la confianza brindada al permitir a sus hijos movilizarse hasta la ciudad de San Francisco&#8221;<\/em> y felicit\u00f3 <em>&#8220;a las personas que fueron a tan importante evento, al Prof. del Polideportivo, Mauricio Moyano, a acompa\u00f1antes y docentes del equipo de Acercar que fueron parte de la delegaci\u00f3n, por la contenci\u00f3n y cuidado de los ni\u00f1os y j\u00f3venes&#8221;<\/em>.<\/p>\n\n\n\n<p>Fuente: Prensa Municipal. <\/p>\n","protected":false},"excerpt":{"rendered":"<p>El evento, que cont\u00f3 con m\u00e1s de 600 asistentes, se desarroll\u00f3 en el predio de la Sociedad Rural, de la&hellip;<\/p>\n","protected":false},"author":3,"featured_media":5636,"comment_status":"closed","ping_status":"open","sticky":false,"template":"","format":"standard","meta":{"footnotes":""},"categories":[3],"tags":[25,66,67,836,276,277,296,556,572,639,710],"class_list":["post-5635","post","type-post","status-publish","format-standard","has-post-thumbnail","hentry","category-infodeporte","tag-acercar","tag-arroyito","tag-arroyito-cordoba","tag-arroyito-online","tag-deporte","tag-deportes","tag-discapacidad","tag-municipalidad-de-arroyito","tag-noticias-de-arroyito-y-zona","tag-polideportivo-municipal","tag-san-francisco"],"_links":{"self":[{"href":"https:\/\/arroyitoonline.com.ar\/index.php?rest_route=\/wp\/v2\/posts\/5635","targetHints":{"allow":["GET"]}}],"collection":[{"href":"https:\/\/arroyitoonline.com.ar\/index.php?rest_route=\/wp\/v2\/posts"}],"about":[{"href":"https:\/\/arroyitoonline.com.ar\/index.php?rest_route=\/wp\/v2\/types\/post"}],"author":[{"embeddable":true,"href":"https:\/\/arroyitoonline.com.ar\/index.php?rest_route=\/wp\/v2\/users\/3"}],"replies":[{"embeddable":true,"href":"https:\/\/arroyitoonline.com.ar\/index.php?rest_route=%2Fwp%2Fv2%2Fcomments&post=5635"}],"version-history":[{"count":1,"href":"https:\/\/arroyitoonline.com.ar\/index.php?rest_route=\/wp\/v2\/posts\/5635\/revisions"}],"predecessor-version":[{"id":5637,"href":"https:\/\/arroyitoonline.com.ar\/index.php?rest_route=\/wp\/v2\/posts\/5635\/revisions\/5637"}],"wp:featuredmedia":[{"embeddable":true,"href":"https:\/\/arroyitoonline.com.ar\/index.php?rest_route=\/wp\/v2\/media\/5636"}],"wp:attachment":[{"href":"https:\/\/arroyitoonline.com.ar\/index.php?rest_route=%2Fwp%2Fv2%2Fmedia&parent=5635"}],"wp:term":[{"taxonomy":"category","embeddable":true,"href":"https:\/\/arroyitoonline.com.ar\/index.php?rest_route=%2Fwp%2Fv2%2Fcategories&post=5635"},{"taxonomy":"post_tag","embeddable":true,"href":"https:\/\/arroyitoonline.com.ar\/index.php?rest_route=%2Fwp%2Fv2%2Ftags&post=5635"}],"curies":[{"name":"wp","href":"https:\/\/api.w.org\/{rel}","templated":true}]}}