{"id":5639,"date":"2019-09-13T03:29:54","date_gmt":"2019-09-13T03:29:54","guid":{"rendered":"https:\/\/arroyitoonline.com.ar\/?p=5639"},"modified":"2019-09-13T17:13:49","modified_gmt":"2019-09-13T17:13:49","slug":"marquez-y-asociados-entrega-una-casa-mas-en-arroyito","status":"publish","type":"post","link":"https:\/\/arroyitoonline.com.ar\/?p=5639","title":{"rendered":"M\u00e1rquez y Asociados entrega una casa m\u00e1s en Arroyito"},"content":{"rendered":"\n<p><strong>Malena (31) y su hija Alma (5) recibir\u00e1n la llave de la vivienda propia \u2013ubicada en el sector sur oeste de la ciudad- este domingo 15.<\/strong><\/p>\n\n\n\n<p>La copropietaria de un centro de entrenamiento para la salud y rendimiento deportivo local, Malena Artini\u00e1n, de 31 a\u00f1os, y su hija Alma, de cinco, cumplir\u00e1n en las pr\u00f3ximas horas, el sue\u00f1o m\u00e1s anhelado por la mayor\u00eda de las familias de nuestra ciudad, de la mano de <em><strong>M\u00c1RQUEZ Y ASOCIADOS \/<\/strong> Constructora Desarrollista<\/em>.<\/p>\n\n\n\n<p>Malena y Alma recibir\u00e1n la llave de su casa propia, otra m\u00e1s en Arroyito ejecutada por <em><strong>M\u00c1RQUEZ Y ASOCIADOS<\/strong> \/ Constructora Desarrollista<\/em>, este fin de semana.<\/p>\n\n\n\n<figure class=\"wp-block-image\"><img loading=\"lazy\" decoding=\"async\" width=\"900\" height=\"900\" src=\"https:\/\/arroyitoonline.com.ar\/wp-content\/uploads\/2019\/09\/nueva-casa-m\u00e1rquez.jpg\" alt=\"\" class=\"wp-image-5674\" srcset=\"https:\/\/arroyitoonline.com.ar\/wp-content\/uploads\/2019\/09\/nueva-casa-m\u00e1rquez.jpg 900w, https:\/\/arroyitoonline.com.ar\/wp-content\/uploads\/2019\/09\/nueva-casa-m\u00e1rquez-150x150.jpg 150w, https:\/\/arroyitoonline.com.ar\/wp-content\/uploads\/2019\/09\/nueva-casa-m\u00e1rquez-300x300.jpg 300w, https:\/\/arroyitoonline.com.ar\/wp-content\/uploads\/2019\/09\/nueva-casa-m\u00e1rquez-768x768.jpg 768w\" sizes=\"auto, (max-width: 900px) 100vw, 900px\" \/><figcaption><em><strong>M\u00c1RQUEZ Y ASOCIADOS<\/strong> \/ Constructora Desarrollista te invita a conocer la nueva casa que entregar\u00e1 en Arroyito<\/em><\/figcaption><\/figure>\n\n\n\n<p>Las puertas de la flamante vivienda estar\u00e1n abiertas los d\u00edas <strong>s\u00e1bado 14<\/strong> y <strong>domingo 15<\/strong>, para quienes quieran conocerla y realizar consultas sobre los sistemas de financiaci\u00f3n vigentes, que ofrece la empresa familiar nacida en C\u00f3rdoba.<\/p>\n\n\n\n<p><em><strong>M\u00c1RQUEZ Y ASOCIADOS<\/strong> \/ Constructora Desarrollista<\/em> cuenta con m\u00e1s de 300 obras en toda la provincia y supera las 20 casas en construcci\u00f3n en Arroyito y la zona, con una oferta de productos amplia, que integra diferentes propuestas, para grandes y peque\u00f1os presupuestos.<\/p>\n\n\n\n<p>El inmueble de Malena cuenta con cocina, living comedor, ba\u00f1o, patio con asador y dos dormitorios, uno de ellos con vestidor y ba\u00f1o en suite. La direcci\u00f3n t\u00e9cnica de la obra estuvo a cargo de la arquitecta local Alicia Pacheco, la cual consensu\u00f3 con la propietaria, algunos detalles que ella quiso que se modificaran. Por ejemplo, eligi\u00f3 que la pared divisoria entre la cocina y el living comedor, se transformara en una barra.<\/p>\n\n\n\n<p><em>&#8220;Nos encant\u00f3 la propuesta, a la empresa la conozco y es de confianza. Viendo la casa de Julio \u00c1vila, muy linda, me gust\u00f3 y me termin\u00f3 de convencer la opci\u00f3n&#8221;<\/em>, nos cont\u00f3 Malena, la cual agreg\u00f3 que <em>&#8220;cumplen todo lo que dice el contrato, los materiales son de excelente calidad, todo se hace a tiempo y reemplazan lo que se rompe. Adem\u00e1s, todas las gestiones son r\u00e1pidas&#8221;<\/em>.<\/p>\n\n\n\n<p><em>&#8220;Estamos m\u00e1s que felices, ya queda poco para mudarse, es un lindo barrio&#8221;<\/em>, cerr\u00f3 la due\u00f1a de la casa. <\/p>\n\n\n\n<p>En la actualidad, <em><strong>M\u00c1RQUEZ Y ASOCIADOS<\/strong> \/ Constructora Desarrollista<\/em> comercializa un producto \u00fanico que concreta el sue\u00f1o de la casa propia. Esta propuesta fue planificada desde un comienzo para que llegue a todos los rincones del pa\u00eds, brindando asesoramiento personalizado y una vivienda accesible a cada familia que la necesite. <\/p>\n\n\n\n<p>Para saber m\u00e1s comunicate con la asesora Natalia Luque, al n\u00famero de tel\u00e9fono <strong>351 5165220<\/strong>.<\/p>\n","protected":false},"excerpt":{"rendered":"<p>Malena (31) y su hija Alma (5) recibir\u00e1n la llave de la vivienda propia \u2013ubicada en el sector sur oeste&hellip;<\/p>\n","protected":false},"author":3,"featured_media":5643,"comment_status":"closed","ping_status":"open","sticky":false,"template":"","format":"standard","meta":{"footnotes":""},"categories":[866],"tags":[66,67,836,1022,571,572,813],"class_list":["post-5639","post","type-post","status-publish","format-standard","has-post-thumbnail","hentry","category-historias-online","tag-arroyito","tag-arroyito-cordoba","tag-arroyito-online","tag-marquez-y-asociados","tag-noticia","tag-noticias-de-arroyito-y-zona","tag-viviendas"],"_links":{"self":[{"href":"https:\/\/arroyitoonline.com.ar\/index.php?rest_route=\/wp\/v2\/posts\/5639","targetHints":{"allow":["GET"]}}],"collection":[{"href":"https:\/\/arroyitoonline.com.ar\/index.php?rest_route=\/wp\/v2\/posts"}],"about":[{"href":"https:\/\/arroyitoonline.com.ar\/index.php?rest_route=\/wp\/v2\/types\/post"}],"author":[{"embeddable":true,"href":"https:\/\/arroyitoonline.com.ar\/index.php?rest_route=\/wp\/v2\/users\/3"}],"replies":[{"embeddable":true,"href":"https:\/\/arroyitoonline.com.ar\/index.php?rest_route=%2Fwp%2Fv2%2Fcomments&post=5639"}],"version-history":[{"count":18,"href":"https:\/\/arroyitoonline.com.ar\/index.php?rest_route=\/wp\/v2\/posts\/5639\/revisions"}],"predecessor-version":[{"id":5683,"href":"https:\/\/arroyitoonline.com.ar\/index.php?rest_route=\/wp\/v2\/posts\/5639\/revisions\/5683"}],"wp:featuredmedia":[{"embeddable":true,"href":"https:\/\/arroyitoonline.com.ar\/index.php?rest_route=\/wp\/v2\/media\/5643"}],"wp:attachment":[{"href":"https:\/\/arroyitoonline.com.ar\/index.php?rest_route=%2Fwp%2Fv2%2Fmedia&parent=5639"}],"wp:term":[{"taxonomy":"category","embeddable":true,"href":"https:\/\/arroyitoonline.com.ar\/index.php?rest_route=%2Fwp%2Fv2%2Fcategories&post=5639"},{"taxonomy":"post_tag","embeddable":true,"href":"https:\/\/arroyitoonline.com.ar\/index.php?rest_route=%2Fwp%2Fv2%2Ftags&post=5639"}],"curies":[{"name":"wp","href":"https:\/\/api.w.org\/{rel}","templated":true}]}}