{"id":5644,"date":"2019-09-12T23:46:14","date_gmt":"2019-09-12T23:46:14","guid":{"rendered":"https:\/\/arroyitoonline.com.ar\/?p=5644"},"modified":"2019-09-12T23:53:56","modified_gmt":"2019-09-12T23:53:56","slug":"en-plena-sesion-novara-anuncio-que-ya-no-votara-en-bloque-con-el-oficialismo","status":"publish","type":"post","link":"https:\/\/arroyitoonline.com.ar\/?p=5644","title":{"rendered":"En plena sesi\u00f3n, Novara anunci\u00f3 que ya no votar\u00e1 en bloque con el oficialismo"},"content":{"rendered":"\n<p><strong>El concejal del Radicalismo dijo que se aleja porque algunos priorizan sus intereses personales y no los del partido. <\/strong><\/p>\n\n\n\n<p>Este mediod\u00eda termin\u00f3 de fracturarse el Radicalismo dentro del Concejo Deliberante. Es que Javier Novara pidi\u00f3 la palabra, antes de que comenzara a tratarse el orden del d\u00eda, y expres\u00f3 que ya no votar\u00e1 en bloque con la UCR. <\/p>\n\n\n\n<p>Con esta decisi\u00f3n, el oficialismo pierde de manera definitiva, el car\u00e1cter de mayor\u00eda dentro del cuerpo quedando, por un lado, Alejandra Dellavale y Claudio Franceschi (que acompa\u00f1an los proyectos del Ejecutivo) y, por el otro, Gustavo Benedetti y Jes\u00fas Beigveder (quienes en algunas oportunidades votaron igual que la Oposici\u00f3n).<\/p>\n\n\n\n<figure><iframe loading=\"lazy\" src=\"https:\/\/www.facebook.com\/plugins\/video.php?href=https%3A%2F%2Fwww.facebook.com%2Farroyitoonlineoficial%2Fvideos%2F377263562949936%2F&amp;show_text=0&amp;width=560\" width=\"560\" height=\"315\" allowfullscreen=\"true\"><\/iframe><\/figure>\n\n\n\n<p>En su discurso, el edil radical avis\u00f3 que solo acompa\u00f1ar\u00e1 al Ejecutivo <em>&#8220;en las ordenanzas que sean buenas, que yo crea necesarias y que la gente me haga saber y, cuando no est\u00e9 de acuerdo, no lo voy a acompa\u00f1ar&#8221;<\/em> y cont\u00f3 que su determinaci\u00f3n se gest\u00f3 el a\u00f1o pasado, cuando not\u00f3 que se comet\u00edan <em>&#8220;errores forzados&#8221;<\/em>, como lo fue que no se priorice un acuerdo con miras electorales, dentro del centenario partido. <\/p>\n\n\n\n<p><em>&#8220;Algunos son tocados por el dedo m\u00e1gico y ocupan un lugar r\u00e1pido, que a uno le ha costado 25 o 30 a\u00f1os. Los cargos consuelo no son para m\u00ed. Qu\u00e9dense tranquilos, que no voy a conformar ninguna lista. Tenemos que reconocer los errores. El \u00faltimo gran error a nivel provincial en lo electoral fue a manos del hijo del exgobernador Mestre, que \u00a0prioriz\u00f3 sus intereses personales extrapartidarios y terminamos hasta perdiendo la Municipalidad de C\u00f3rdoba. Va a ser muy dif\u00edcil que el Radicalismo siga siendo una opci\u00f3n electoral\u201d<\/em>, lament\u00f3 el exsecretario de Gobierno de la gesti\u00f3n Benedetti, que anticip\u00f3 que el 12 de diciembre volver\u00e1 al Ministerio de Trabajo, del cual es un empleado en uso de licencia sin goce de sueldo, y retomar\u00e1 su funci\u00f3n como inspector en esa dependencia.<\/p>\n\n\n\n<p>Adem\u00e1s, Novara compar\u00f3 la situaci\u00f3n actual de la interna partidaria de Arroyito, a la que llam\u00f3 feroz, con lo sucedido en 1991 cuando perdi\u00f3 el poder durante 12 a\u00f1os, y pudo recuperarlo reci\u00e9n en 2003.<\/p>\n\n\n\n<p><em>&#8220;Desde que yo tengo uso de raz\u00f3n he militado en el Radicalismo, toda mi vida. Despu\u00e9s de 25 a\u00f1os de militancia tuve la suerte y el honor de acompa\u00f1ar a Benedetti como secretario de Gobierno. Los que dicen que Novara siempre est\u00e1, hace muchos m\u00e1s a\u00f1os que ocupan cargos pol\u00edticos rentados. Es m\u00e1s, pretenden seguir estando, sin tomar el descanso necesario que a veces no hace mal, volver al llano, encontrarse con la realidad&#8221;<\/em>, agreg\u00f3 en otro momento de su discurso. <\/p>\n\n\n\n<p>Tambi\u00e9n aprovech\u00f3 su fanatismo por el deporte y us\u00f3 analog\u00edas futboleras y de autos, para su argumentaci\u00f3n: <em>&#8220;Desde Bertone hasta Cravero, incluido Benedetti, son intendencias que han dejado mucho para la ciudad de Arroyito, es el progreso por el que la gente nos ha acompa\u00f1ado, las buenas intendencias que ha dejado el Radicalismo. (la Municipalidad) Es un Mercedes Benz, que para seguir manej\u00e1ndolo hab\u00eda que buscar un piloto con experiencia, y no esto. <\/em> <em>Se empuj\u00f3 a una divisi\u00f3n por no querer que alguien sea candidato.<\/em> <em>En el deporte hay errores voluntarios y otros forzados, que es este caso, y que nos empujan a tomar estas decisiones&#8221;<\/em>.<\/p>\n\n\n\n<p>Por \u00faltimo, se mostr\u00f3 molesto, ya que <em>&#8220;El que gobierna tiene la mayor responsabilidad de llegar a un acuerdo y no hay voluntad para eso. No entend\u00ed nada cuando la gente de Lidia Mart\u00ednez festej\u00f3 las sospechas sobre el presupuesto y despu\u00e9s son premiados con cargos expectantes ganando o perdiendo. El intendente gana casi tres veces lo que ganamos nosotros y no nos defendi\u00f3 cuando se hizo la operativa de publicar esos decretos (sobre el adicional por la atenci\u00f3n en la oficina de Participaci\u00f3n Ciudadana)&#8221;<\/em>. <\/p>\n\n\n\n<p>Pero, lo llamativo fue que, en el final de su discurso, la viceintendente Graciela Tristany le agradeci\u00f3 a Novara <em>\u201cpor aclarar las cosas como son\u201d<\/em>. <em>&#8220;No s\u00e9 si como son, sino como las veo yo&#8221;<\/em>, se apur\u00f3 a responder el concejal, a lo que la presidenta del cuerpo sum\u00f3 <em>&#8220;como las ve usted&#8221;<\/em>. <\/p>\n\n\n\n<p>Terminada la sesi\u00f3n, y consultado por <strong>Arroyito Online<\/strong> sobre la reacci\u00f3n de la viceintendente, el edil manifest\u00f3 que <em>&#8220;Chela es una de las pocas y casi \u00fanica que tiene una reserva moral&#8221;<\/em>. <\/p>\n","protected":false},"excerpt":{"rendered":"<p>El concejal del Radicalismo dijo que se aleja porque algunos priorizan sus intereses personales y no los del partido. Este&hellip;<\/p>\n","protected":false},"author":3,"featured_media":4760,"comment_status":"closed","ping_status":"open","sticky":false,"template":"","format":"standard","meta":{"footnotes":""},"categories":[8],"tags":[13,66,67,836,891,226,227,318,572,1002,783],"class_list":["post-5644","post","type-post","status-publish","format-standard","has-post-thumbnail","hentry","category-politica","tag-13","tag-arroyito","tag-arroyito-cordoba","tag-arroyito-online","tag-concejales","tag-concejo","tag-concejo-deliberante","tag-elecciones","tag-noticias-de-arroyito-y-zona","tag-novara","tag-union-civica-radical"],"_links":{"self":[{"href":"https:\/\/arroyitoonline.com.ar\/index.php?rest_route=\/wp\/v2\/posts\/5644","targetHints":{"allow":["GET"]}}],"collection":[{"href":"https:\/\/arroyitoonline.com.ar\/index.php?rest_route=\/wp\/v2\/posts"}],"about":[{"href":"https:\/\/arroyitoonline.com.ar\/index.php?rest_route=\/wp\/v2\/types\/post"}],"author":[{"embeddable":true,"href":"https:\/\/arroyitoonline.com.ar\/index.php?rest_route=\/wp\/v2\/users\/3"}],"replies":[{"embeddable":true,"href":"https:\/\/arroyitoonline.com.ar\/index.php?rest_route=%2Fwp%2Fv2%2Fcomments&post=5644"}],"version-history":[{"count":2,"href":"https:\/\/arroyitoonline.com.ar\/index.php?rest_route=\/wp\/v2\/posts\/5644\/revisions"}],"predecessor-version":[{"id":5647,"href":"https:\/\/arroyitoonline.com.ar\/index.php?rest_route=\/wp\/v2\/posts\/5644\/revisions\/5647"}],"wp:featuredmedia":[{"embeddable":true,"href":"https:\/\/arroyitoonline.com.ar\/index.php?rest_route=\/wp\/v2\/media\/4760"}],"wp:attachment":[{"href":"https:\/\/arroyitoonline.com.ar\/index.php?rest_route=%2Fwp%2Fv2%2Fmedia&parent=5644"}],"wp:term":[{"taxonomy":"category","embeddable":true,"href":"https:\/\/arroyitoonline.com.ar\/index.php?rest_route=%2Fwp%2Fv2%2Fcategories&post=5644"},{"taxonomy":"post_tag","embeddable":true,"href":"https:\/\/arroyitoonline.com.ar\/index.php?rest_route=%2Fwp%2Fv2%2Ftags&post=5644"}],"curies":[{"name":"wp","href":"https:\/\/api.w.org\/{rel}","templated":true}]}}