{"id":5700,"date":"2019-09-15T02:57:56","date_gmt":"2019-09-15T02:57:56","guid":{"rendered":"https:\/\/arroyitoonline.com.ar\/?p=5700"},"modified":"2019-09-15T03:31:09","modified_gmt":"2019-09-15T03:31:09","slug":"el-frente-de-todos-arroyito-anuncio-que-dara-su-apoyo-al-candidato-del-justicialismo-local","status":"publish","type":"post","link":"https:\/\/arroyitoonline.com.ar\/?p=5700","title":{"rendered":"El Frente de Todos Arroyito anunci\u00f3 que dar\u00e1 su apoyo al candidato del Justicialismo local"},"content":{"rendered":"\n<p><strong>En conferencia de prensa, j\u00f3venes que integran el espacio ratificaron que trabajan por la victoria de Fern\u00e1ndez-Fern\u00e1ndez y que har\u00e1n lo propio, para el triunfo del elegido de Hacemos Por C\u00f3rdoba. <\/strong><\/p>\n\n\n\n<p>Este viernes por la noche, referentes del espacio pol\u00edtico de Alberto Fern\u00e1ndez en Arroyito brindaron una conferencia de prensa en su local de calle Mitre 346. De cara a las elecciones locales, los j\u00f3venes disertantes manifestaron el apoyo al candidato que surja de Hacemos Por C\u00f3rdoba.<\/p>\n\n\n\n<p><em>&#8220;El frente de Todos est\u00e1 trabajando por la unidad del movimiento Justicialista y va apoyar el candidato del peronismo&#8221;<\/em> expres\u00f3 Maximiliano Serra, uno de los oradores. <\/p>\n\n\n\n<figure><iframe loading=\"lazy\" src=\"https:\/\/www.facebook.com\/plugins\/video.php?href=https%3A%2F%2Fwww.facebook.com%2Farroyitoonlineoficial%2Fvideos%2F470910203498572%2F&amp;show_text=0&amp;width=560\" width=\"560\" height=\"315\" allowfullscreen=\"true\"><\/iframe><\/figure>\n\n\n\n<p>Por su parte, Eugenia Baronetto arranc\u00f3 la conferencia con un detallado an\u00e1lisis de la <em>&#8220;complicada&#8221;<\/em> situaci\u00f3n del pa\u00eds en estos cuatro a\u00f1os de gobierno de Mauricio Macri y dijo que Arroyito <em>&#8220;no escapa a la crisis que azota al pa\u00eds&#8221;<\/em>. Adem\u00e1s, la abogada dio cuenta de la creaci\u00f3n de merenderos y de un comedor comunitario en la ciudad.<\/p>\n\n\n\n<p>La letrada tambi\u00e9n hizo una convocatoria abierta a todos los vecinos y dirigentes de otros espacios pol\u00edticos, para que trabajen por la f\u00f3rmula Fern\u00e1ndez-Fern\u00e1ndez.<\/p>\n\n\n\n<p>Baronetto manifest\u00f3 que, desde el espacio, militan para que <em>&#8220;se termine el modelo de Macri&#8221;<\/em> y pueda resurgir una nueva mayor\u00eda, sentenciando que <em>&#8220;Ante el hambre, muchachos, tenemos que hacer efectiva la construcci\u00f3n pol\u00edtica que es la herramienta que nos saca de esto&#8221;<\/em>. <\/p>\n\n\n\n<p>A su tiempo, Emanuel Dom\u00ednguez continu\u00f3 hablando de la situaci\u00f3n de los trabajadores y de la industria: <em>&#8220;En mis 16 a\u00f1os como trabajador de Arcor jam\u00e1s viv\u00ed la incertidumbre de no saber qu\u00e9 va a pasar&#8221;<\/em>, alertando sobre los adelantos de vacaciones en la empresa y de c\u00f3mo ven sus compa\u00f1eros el deterioro de su salario y del poder adquisitivo.<\/p>\n\n\n\n<p>Por \u00faltimo hicieron un llamado a todos los trabajadores y las trabajadoras para que voten a Fern\u00e1ndez, con motivo de volver a tener un proyecto de pa\u00eds.<\/p>\n\n\n\n<p>Fuente: Radio Cooperativa FM 91.3.<\/p>\n\n\n\n<p>Foto y video: Arroyito Online. <\/p>\n","protected":false},"excerpt":{"rendered":"<p>En conferencia de prensa, j\u00f3venes que integran el espacio ratificaron que trabajan por la victoria de Fern\u00e1ndez-Fern\u00e1ndez y que har\u00e1n&hellip;<\/p>\n","protected":false},"author":3,"featured_media":5704,"comment_status":"closed","ping_status":"open","sticky":false,"template":"","format":"standard","meta":{"footnotes":""},"categories":[8],"tags":[13,66,67,836,318,990,572,640],"class_list":["post-5700","post","type-post","status-publish","format-standard","has-post-thumbnail","hentry","category-politica","tag-13","tag-arroyito","tag-arroyito-cordoba","tag-arroyito-online","tag-elecciones","tag-frente-de-todos","tag-noticias-de-arroyito-y-zona","tag-politica"],"_links":{"self":[{"href":"https:\/\/arroyitoonline.com.ar\/index.php?rest_route=\/wp\/v2\/posts\/5700","targetHints":{"allow":["GET"]}}],"collection":[{"href":"https:\/\/arroyitoonline.com.ar\/index.php?rest_route=\/wp\/v2\/posts"}],"about":[{"href":"https:\/\/arroyitoonline.com.ar\/index.php?rest_route=\/wp\/v2\/types\/post"}],"author":[{"embeddable":true,"href":"https:\/\/arroyitoonline.com.ar\/index.php?rest_route=\/wp\/v2\/users\/3"}],"replies":[{"embeddable":true,"href":"https:\/\/arroyitoonline.com.ar\/index.php?rest_route=%2Fwp%2Fv2%2Fcomments&post=5700"}],"version-history":[{"count":2,"href":"https:\/\/arroyitoonline.com.ar\/index.php?rest_route=\/wp\/v2\/posts\/5700\/revisions"}],"predecessor-version":[{"id":5703,"href":"https:\/\/arroyitoonline.com.ar\/index.php?rest_route=\/wp\/v2\/posts\/5700\/revisions\/5703"}],"wp:featuredmedia":[{"embeddable":true,"href":"https:\/\/arroyitoonline.com.ar\/index.php?rest_route=\/wp\/v2\/media\/5704"}],"wp:attachment":[{"href":"https:\/\/arroyitoonline.com.ar\/index.php?rest_route=%2Fwp%2Fv2%2Fmedia&parent=5700"}],"wp:term":[{"taxonomy":"category","embeddable":true,"href":"https:\/\/arroyitoonline.com.ar\/index.php?rest_route=%2Fwp%2Fv2%2Fcategories&post=5700"},{"taxonomy":"post_tag","embeddable":true,"href":"https:\/\/arroyitoonline.com.ar\/index.php?rest_route=%2Fwp%2Fv2%2Ftags&post=5700"}],"curies":[{"name":"wp","href":"https:\/\/api.w.org\/{rel}","templated":true}]}}