{"id":5706,"date":"2019-09-15T15:46:29","date_gmt":"2019-09-15T15:46:29","guid":{"rendered":"https:\/\/arroyitoonline.com.ar\/?p=5706"},"modified":"2019-09-15T15:57:20","modified_gmt":"2019-09-15T15:57:20","slug":"wilson-genesio-ratifico-su-pertenencia-al-vecinalismo-independiente-y-le-cerro-la-puerta-a-benedetti","status":"publish","type":"post","link":"https:\/\/arroyitoonline.com.ar\/?p=5706","title":{"rendered":"Wilson Genesio ratific\u00f3 su pertenencia al Vecinalismo Independiente y le cerr\u00f3 la puerta a Benedetti"},"content":{"rendered":"\n<p><strong>El concejal dej\u00f3 claro que ser\u00e1 candidato a intendente por el partido que lidera desde 2011 y afirm\u00f3 que con Benedetti <\/strong><em><strong>&#8220;no hay forma de que podamos unirnos&#8221;<\/strong><\/em><strong>. <\/strong><\/p>\n\n\n\n<p>El 11 de septiembre pasado, Wilson Genesio present\u00f3 ante la Junta Electoral local, en su car\u00e1cter de apoderado Principal del Vecinalismo Independiente en el Circuito Arroyito, la solicitud de reconocimiento jur\u00eddico pol\u00edtico provincial de ese espacio pol\u00edtico y su inscripci\u00f3n para la participaci\u00f3n en las elecciones municipales del 10 de noviembre pr\u00f3ximo. La nota, firmada por el concejal, est\u00e1 dirigida a la docente Graciela S\u00e1nchez, presidenta del tribunal.<\/p>\n\n\n\n<ul class=\"wp-block-gallery columns-3 is-cropped wp-block-gallery-1 is-layout-flex wp-block-gallery-is-layout-flex\"><li class=\"blocks-gallery-item\"><figure><img loading=\"lazy\" decoding=\"async\" width=\"749\" height=\"1024\" src=\"https:\/\/arroyitoonline.com.ar\/wp-content\/uploads\/2019\/09\/vecinalismo-presentaci\u00f3n-749x1024.jpg\" alt=\"\" data-id=\"5711\" data-link=\"https:\/\/arroyitoonline.com.ar\/info-online\/politica\/wilson-genesio-ratifico-su-pertenencia-al-vecinalismo-independiente-y-le-cerro-la-puerta-a-benedetti\/attachment\/vecinalismo-presentacion\/\" class=\"wp-image-5711\" srcset=\"https:\/\/arroyitoonline.com.ar\/wp-content\/uploads\/2019\/09\/vecinalismo-presentaci\u00f3n-749x1024.jpg 749w, https:\/\/arroyitoonline.com.ar\/wp-content\/uploads\/2019\/09\/vecinalismo-presentaci\u00f3n-219x300.jpg 219w, https:\/\/arroyitoonline.com.ar\/wp-content\/uploads\/2019\/09\/vecinalismo-presentaci\u00f3n-768x1050.jpg 768w, https:\/\/arroyitoonline.com.ar\/wp-content\/uploads\/2019\/09\/vecinalismo-presentaci\u00f3n.jpg 936w\" sizes=\"auto, (max-width: 749px) 100vw, 749px\" \/><\/figure><\/li><li class=\"blocks-gallery-item\"><figure><img loading=\"lazy\" decoding=\"async\" width=\"702\" height=\"1024\" src=\"https:\/\/arroyitoonline.com.ar\/wp-content\/uploads\/2019\/09\/vecinalismo-presentaci\u00f3n-2-702x1024.jpg\" alt=\"\" data-id=\"5712\" data-link=\"https:\/\/arroyitoonline.com.ar\/info-online\/politica\/wilson-genesio-ratifico-su-pertenencia-al-vecinalismo-independiente-y-le-cerro-la-puerta-a-benedetti\/attachment\/vecinalismo-presentacion-2\/\" class=\"wp-image-5712\" srcset=\"https:\/\/arroyitoonline.com.ar\/wp-content\/uploads\/2019\/09\/vecinalismo-presentaci\u00f3n-2-702x1024.jpg 702w, https:\/\/arroyitoonline.com.ar\/wp-content\/uploads\/2019\/09\/vecinalismo-presentaci\u00f3n-2-206x300.jpg 206w, https:\/\/arroyitoonline.com.ar\/wp-content\/uploads\/2019\/09\/vecinalismo-presentaci\u00f3n-2-768x1121.jpg 768w, https:\/\/arroyitoonline.com.ar\/wp-content\/uploads\/2019\/09\/vecinalismo-presentaci\u00f3n-2.jpg 877w\" sizes=\"auto, (max-width: 702px) 100vw, 702px\" \/><\/figure><\/li><li class=\"blocks-gallery-item\"><figure><img loading=\"lazy\" decoding=\"async\" width=\"696\" height=\"1024\" src=\"https:\/\/arroyitoonline.com.ar\/wp-content\/uploads\/2019\/09\/vecinalismo-presentaci\u00f3n-3-696x1024.jpg\" alt=\"\" data-id=\"5713\" data-link=\"https:\/\/arroyitoonline.com.ar\/info-online\/politica\/wilson-genesio-ratifico-su-pertenencia-al-vecinalismo-independiente-y-le-cerro-la-puerta-a-benedetti\/attachment\/vecinalismo-presentacion-3\/\" class=\"wp-image-5713\" srcset=\"https:\/\/arroyitoonline.com.ar\/wp-content\/uploads\/2019\/09\/vecinalismo-presentaci\u00f3n-3-696x1024.jpg 696w, https:\/\/arroyitoonline.com.ar\/wp-content\/uploads\/2019\/09\/vecinalismo-presentaci\u00f3n-3-204x300.jpg 204w, https:\/\/arroyitoonline.com.ar\/wp-content\/uploads\/2019\/09\/vecinalismo-presentaci\u00f3n-3-768x1130.jpg 768w, https:\/\/arroyitoonline.com.ar\/wp-content\/uploads\/2019\/09\/vecinalismo-presentaci\u00f3n-3.jpg 870w\" sizes=\"auto, (max-width: 696px) 100vw, 696px\" \/><\/figure><\/li><li class=\"blocks-gallery-item\"><figure><img loading=\"lazy\" decoding=\"async\" width=\"762\" height=\"1024\" src=\"https:\/\/arroyitoonline.com.ar\/wp-content\/uploads\/2019\/09\/vecinalismo-presentaci\u00f3n-4-762x1024.jpg\" alt=\"\" data-id=\"5714\" data-link=\"https:\/\/arroyitoonline.com.ar\/info-online\/politica\/wilson-genesio-ratifico-su-pertenencia-al-vecinalismo-independiente-y-le-cerro-la-puerta-a-benedetti\/attachment\/vecinalismo-presentacion-4\/\" class=\"wp-image-5714\" srcset=\"https:\/\/arroyitoonline.com.ar\/wp-content\/uploads\/2019\/09\/vecinalismo-presentaci\u00f3n-4-762x1024.jpg 762w, https:\/\/arroyitoonline.com.ar\/wp-content\/uploads\/2019\/09\/vecinalismo-presentaci\u00f3n-4-223x300.jpg 223w, https:\/\/arroyitoonline.com.ar\/wp-content\/uploads\/2019\/09\/vecinalismo-presentaci\u00f3n-4-768x1033.jpg 768w, https:\/\/arroyitoonline.com.ar\/wp-content\/uploads\/2019\/09\/vecinalismo-presentaci\u00f3n-4.jpg 952w\" sizes=\"auto, (max-width: 762px) 100vw, 762px\" \/><\/figure><\/li><\/ul>\n\n\n\n<p>De este modo quedaron disipados los rumores de los \u00faltimos\nd\u00edas. Los murmullos pol\u00edticos insist\u00edan en que Genesio podr\u00eda cambiar de sello\nuni\u00e9ndose a las filas de <em>\u201cTodos Juntos\npor Arroyito\u201d<\/em>, el frente liderado por Gustavo Benedetti, en cuyo logo \u2013viralizado\nen las \u00faltimas horas- aparece el color verde caracter\u00edstico del Vecinalismo de\nWilson. Pero fue \u00e9l mismo, quien se encarg\u00f3 de cerrarle la puerta al exintendente,\nafirmando que no es su intenci\u00f3n ni la de su grupo de trabajo la generaci\u00f3n de\nalguna alianza. <\/p>\n\n\n\n<p><em>\u201cS\u00ed nos han hablado distintas l\u00edneas del Radicalismo para conformar alg\u00fan tipo de alianza o de frente, entre ellos la de Gustavo Benedetti, que fue de las m\u00e1s insistentes, a la que finalmente le dijimos no. No hay forma de que podamos unirnos, porque la perspectiva y la forma de gobernar que tenemos nosotros es muy distinta. Tambi\u00e9n vinieron otros partidos. Todos est\u00e1n invitados a ser parte de esta fuerza vecinal, en la que por fuera de querer resaltar un partido pol\u00edtico, un emblema ideol\u00f3gico, apuntamos a un proyecto de gobierno serio que le d\u00e9 soluciones a las problem\u00e1tica que hoy Arroyito tiene. Est\u00e1n cerradas hoy por hoy, esas puertas que nos golpearon, para ese tipo de alianzas\u201d<\/em>, dijo Wilson a <strong>Arroyito Online<\/strong>, en una nota realizada al t\u00e9rmino de la \u00faltima sesi\u00f3n ordinaria del Concejo Deliberante.<\/p>\n\n\n\n<p><strong>Calific\u00f3 a Javier\nNovara como <em>\u201cun grande\u201d<\/em><\/strong><\/p>\n\n\n\n<p>En la misma entrevista, el referente del Vecinalismo\nIndependiente opin\u00f3 sobre las declaraciones de su par Javier Novara, quien\navis\u00f3 que ya no votar\u00e1 en bloque con el oficialismo. <\/p>\n\n\n\n<p><em>\u201cHab\u00edan algunos comentarios de que Javier Novara se abr\u00eda frente a las \u00faltimas decisiones que el Radicalismo hab\u00eda tomando para enfrentar las elecciones el 10 de noviembre. Me gust\u00f3 escucharlo, creo que fue muy claro. Hay pocos pol\u00edticos con principios y c\u00f3digos partidarios, m\u00e1s all\u00e1 de que cada uno est\u00e1 en un espacio partidario diferente, en el caso nuestro uno bien independiente, que apunta a la participaci\u00f3n global de todos los vecinos sin hacer foco y tanto hincapi\u00e9 en una cuesti\u00f3n tan partidaria, sino en un proyecto de gobierno que creemos que a Arroyito le hace falta\u201d<\/em>, remarc\u00f3 Genesio.  y Arroyito tiene. Est\u00e1n cerradas hoy por hoy, esas puertas que nos golpearon, para ese tipo de alianzas\u201d, dijo Wilson a <strong>Arroyito Online<\/strong>, en una nota realizada al t\u00e9rmino de la \u00faltima sesi\u00f3n ordinaria del Concejo Deliberante. <\/p>\n","protected":false},"excerpt":{"rendered":"<p>El concejal dej\u00f3 claro que ser\u00e1 candidato a intendente por el partido que lidera desde 2011 y afirm\u00f3 que con&hellip;<\/p>\n","protected":false},"author":3,"featured_media":5707,"comment_status":"closed","ping_status":"open","sticky":false,"template":"","format":"standard","meta":{"footnotes":""},"categories":[8],"tags":[13,66,67,836,318,401,572,791],"class_list":["post-5706","post","type-post","status-publish","format-standard","has-post-thumbnail","hentry","category-politica","tag-13","tag-arroyito","tag-arroyito-cordoba","tag-arroyito-online","tag-elecciones","tag-genesio","tag-noticias-de-arroyito-y-zona","tag-vecinalismo"],"_links":{"self":[{"href":"https:\/\/arroyitoonline.com.ar\/index.php?rest_route=\/wp\/v2\/posts\/5706","targetHints":{"allow":["GET"]}}],"collection":[{"href":"https:\/\/arroyitoonline.com.ar\/index.php?rest_route=\/wp\/v2\/posts"}],"about":[{"href":"https:\/\/arroyitoonline.com.ar\/index.php?rest_route=\/wp\/v2\/types\/post"}],"author":[{"embeddable":true,"href":"https:\/\/arroyitoonline.com.ar\/index.php?rest_route=\/wp\/v2\/users\/3"}],"replies":[{"embeddable":true,"href":"https:\/\/arroyitoonline.com.ar\/index.php?rest_route=%2Fwp%2Fv2%2Fcomments&post=5706"}],"version-history":[{"count":4,"href":"https:\/\/arroyitoonline.com.ar\/index.php?rest_route=\/wp\/v2\/posts\/5706\/revisions"}],"predecessor-version":[{"id":5716,"href":"https:\/\/arroyitoonline.com.ar\/index.php?rest_route=\/wp\/v2\/posts\/5706\/revisions\/5716"}],"wp:featuredmedia":[{"embeddable":true,"href":"https:\/\/arroyitoonline.com.ar\/index.php?rest_route=\/wp\/v2\/media\/5707"}],"wp:attachment":[{"href":"https:\/\/arroyitoonline.com.ar\/index.php?rest_route=%2Fwp%2Fv2%2Fmedia&parent=5706"}],"wp:term":[{"taxonomy":"category","embeddable":true,"href":"https:\/\/arroyitoonline.com.ar\/index.php?rest_route=%2Fwp%2Fv2%2Fcategories&post=5706"},{"taxonomy":"post_tag","embeddable":true,"href":"https:\/\/arroyitoonline.com.ar\/index.php?rest_route=%2Fwp%2Fv2%2Ftags&post=5706"}],"curies":[{"name":"wp","href":"https:\/\/api.w.org\/{rel}","templated":true}]}}