{"id":5720,"date":"2019-09-14T20:54:59","date_gmt":"2019-09-14T20:54:59","guid":{"rendered":"https:\/\/arroyitoonline.com.ar\/?p=5720"},"modified":"2019-09-15T21:15:11","modified_gmt":"2019-09-15T21:15:11","slug":"el-fuertecito-ya-tiene-paseo-del-caminante","status":"publish","type":"post","link":"https:\/\/arroyitoonline.com.ar\/?p=5720","title":{"rendered":"El Fuertecito ya tiene Paseo del Caminante"},"content":{"rendered":"\n<p><strong>Tiene una longitud de 320 metros de camino de hormig\u00f3n de 1,20 m de ancho y cuenta con dos islas aer\u00f3bicas y m\u00e1s de 50 \u00e1rboles. <\/strong><\/p>\n\n\n\n<p>El jueves 12 a la tarde, el Municipio dej\u00f3 inaugurado el Paseo del Caminante en el Paraje El Fuertecito. <\/p>\n\n\n\n<p>En la oportunidad estuvieron presentes el intendente Mauricio Cravero, la viceintendente Graciela Tristany, el secretario de Gobierno Ignacio Cabello, el secretario de Obras P\u00fablicas Daniel Lafarina, la directora de la Biblioteca Municipal Popular Almafuerte Norma Ferreyra, la directora de lal Centro de Apoyo al Ni\u00f1o y la Familia Virgen Ni\u00f1a Beatriz Bassano, la coordinadora de la Oficina de Empleo y de la Universidad Popular Viviana Vercelli, la coordinadora del \u00e1rea Prevenci\u00f3n, Ni\u00f1ez, Adolescencia y Familia (PreNAF) Silvia Lovera, vecinos del lugar y autoridades del anexo IPEM N\u00ba 329.<\/p>\n\n\n\n<p>Despu\u00e9s de las palabras de Chela Tristany y de las especificaciones t\u00e9cnicas de Daniel Lafarina, djo Cravero que <em>\u201cHace tiempo tomamos la decisi\u00f3n de llevar a cabo esta obra para nuestros queridos vecinos del paraje, y hoy hemos logrado inaugurarlo\u201d\u00a0<\/em>y aprovech\u00f3 el intercambio con los vecinos, para que le manifestaran sus puntos de vista y reclamos. <\/p>\n\n\n\n<p>Esta obra tan importante para los vecinos de El Fuertecito tiene una longitud de 320 metros de camino de hormig\u00f3n de 1,20 m de ancho, que serpentea por el costado norte de las v\u00edas del Ferrocarril. <\/p>\n\n\n\n<p>Adem\u00e1s, el Municipio coloc\u00f3 dos islas aer\u00f3bicas, con gimnasios al aire libre yparquiz\u00f3 con m\u00e1s de 50 \u00e1rboles de distintas especies.<\/p>\n\n\n\n<p>Esta obra se suma a la inaugurada en el mes de julio, el Centro de Salud Santa Teresita, y a otra que pronto estar\u00e1 en funciones, la posta policial del paraje. <\/p>\n\n\n\n<p>Fuente: Prensa Municipal. <\/p>\n","protected":false},"excerpt":{"rendered":"<p>Tiene una longitud de 320 metros de camino de hormig\u00f3n de 1,20 m de ancho y cuenta con dos islas&hellip;<\/p>\n","protected":false},"author":3,"featured_media":5721,"comment_status":"closed","ping_status":"open","sticky":false,"template":"","format":"standard","meta":{"footnotes":""},"categories":[829],"tags":[66,67,836,253,315,837,527,868,555,556,572,578],"class_list":["post-5720","post","type-post","status-publish","format-standard","has-post-thumbnail","hentry","category-municipales-online","tag-arroyito","tag-arroyito-cordoba","tag-arroyito-online","tag-cravero","tag-el-fuertecito","tag-lafarina","tag-mauricio-cravero","tag-municipales-online","tag-municipalidad","tag-municipalidad-de-arroyito","tag-noticias-de-arroyito-y-zona","tag-obras-publicas"],"_links":{"self":[{"href":"https:\/\/arroyitoonline.com.ar\/index.php?rest_route=\/wp\/v2\/posts\/5720","targetHints":{"allow":["GET"]}}],"collection":[{"href":"https:\/\/arroyitoonline.com.ar\/index.php?rest_route=\/wp\/v2\/posts"}],"about":[{"href":"https:\/\/arroyitoonline.com.ar\/index.php?rest_route=\/wp\/v2\/types\/post"}],"author":[{"embeddable":true,"href":"https:\/\/arroyitoonline.com.ar\/index.php?rest_route=\/wp\/v2\/users\/3"}],"replies":[{"embeddable":true,"href":"https:\/\/arroyitoonline.com.ar\/index.php?rest_route=%2Fwp%2Fv2%2Fcomments&post=5720"}],"version-history":[{"count":1,"href":"https:\/\/arroyitoonline.com.ar\/index.php?rest_route=\/wp\/v2\/posts\/5720\/revisions"}],"predecessor-version":[{"id":5722,"href":"https:\/\/arroyitoonline.com.ar\/index.php?rest_route=\/wp\/v2\/posts\/5720\/revisions\/5722"}],"wp:featuredmedia":[{"embeddable":true,"href":"https:\/\/arroyitoonline.com.ar\/index.php?rest_route=\/wp\/v2\/media\/5721"}],"wp:attachment":[{"href":"https:\/\/arroyitoonline.com.ar\/index.php?rest_route=%2Fwp%2Fv2%2Fmedia&parent=5720"}],"wp:term":[{"taxonomy":"category","embeddable":true,"href":"https:\/\/arroyitoonline.com.ar\/index.php?rest_route=%2Fwp%2Fv2%2Fcategories&post=5720"},{"taxonomy":"post_tag","embeddable":true,"href":"https:\/\/arroyitoonline.com.ar\/index.php?rest_route=%2Fwp%2Fv2%2Ftags&post=5720"}],"curies":[{"name":"wp","href":"https:\/\/api.w.org\/{rel}","templated":true}]}}