{"id":5733,"date":"2019-09-16T15:50:45","date_gmt":"2019-09-16T15:50:45","guid":{"rendered":"https:\/\/arroyitoonline.com.ar\/?p=5733"},"modified":"2019-09-16T15:50:47","modified_gmt":"2019-09-16T15:50:47","slug":"impacto-su-falcon-contra-un-poste-de-alumbrado","status":"publish","type":"post","link":"https:\/\/arroyitoonline.com.ar\/?p=5733","title":{"rendered":"Impact\u00f3 su Falcon contra un poste de alumbrado"},"content":{"rendered":"\n<p><strong>Los dos ocupantes del auto son de El Fuertecito. El acompa\u00f1ante result\u00f3\ncon lesiones de car\u00e1cter reservado. <\/strong><\/p>\n\n\n\n<p>A las 6:40 horas del s\u00e1bado, se constituy\u00f3 personal policial frente al Cementerio local, donde se hab\u00eda producido un accidente de tr\u00e1nsito.<\/p>\n\n\n\n<p>All\u00ed constataron que un Ford Falcon de color azul ocupado por dos hombres (28 y 36), ambos de El Fuertecito, transitaba por Av. Bernardo Erb en direcci\u00f3n de sur a norte. <\/p>\n\n\n\n<p>Cuando llegaron a la altura de la necr\u00f3polis, por causas que tratan de establecerse, el conductor habr\u00eda perdido el dominio del veh\u00edculo impactando contra un poste de alumbrado ubicado en la vereda este de la misma calle.<\/p>\n\n\n\n<figure class=\"wp-block-embed-facebook wp-block-embed is-type-video is-provider-facebook\"><div class=\"wp-block-embed__wrapper\">\nhttps:\/\/www.facebook.com\/diegoemanuel.griffa\/videos\/2633655049998535\/\n<\/div><figcaption><em>El video es gentileza de OK Fm Arroyito 95.5<\/em><\/figcaption><\/figure>\n\n\n\n<p>Como resultado de la colisi\u00f3n, el acompa\u00f1ante sufri\u00f3 lesiones de car\u00e1cter reservado, por lo que fue trasladado en la ambulancia municipal hasta el Hospital Carlos J. Rodr\u00edguez, donde le realizaron las primeras asistencias evalu\u00e1ndose su derivaci\u00f3n a un nosocomio de San Francisco para el mejor diagn\u00f3stico.<\/p>\n\n\n\n<p>Se labraron actuaciones sumariales con conocimiento e intervenci\u00f3n de la Fiscal\u00eda de Instrucci\u00f3n local. <\/p>\n\n\n\n<p>Fuente: informe del comisario Insp. Pablo Berardo, jefe Zona de Inspecci\u00f3n N\u00b0 4.<\/p>\n\n\n\n<p>Foto: captura de video gentileza OK Fm Arroyito 95.5.<\/p>\n","protected":false},"excerpt":{"rendered":"<p>Los dos ocupantes del auto son de El Fuertecito. El acompa\u00f1ante result\u00f3 con lesiones de car\u00e1cter reservado. A las 6:40&hellip;<\/p>\n","protected":false},"author":3,"featured_media":5735,"comment_status":"closed","ping_status":"open","sticky":false,"template":"","format":"standard","meta":{"footnotes":""},"categories":[824],"tags":[22,23,66,67,836,1025,572,637,638,825],"class_list":["post-5733","post","type-post","status-publish","format-standard","has-post-thumbnail","hentry","category-policiales-online","tag-accidente","tag-accidentes","tag-arroyito","tag-arroyito-cordoba","tag-arroyito-online","tag-el-fuerte","tag-noticias-de-arroyito-y-zona","tag-policiales","tag-policiales-arroyito","tag-policiales-online"],"_links":{"self":[{"href":"https:\/\/arroyitoonline.com.ar\/index.php?rest_route=\/wp\/v2\/posts\/5733","targetHints":{"allow":["GET"]}}],"collection":[{"href":"https:\/\/arroyitoonline.com.ar\/index.php?rest_route=\/wp\/v2\/posts"}],"about":[{"href":"https:\/\/arroyitoonline.com.ar\/index.php?rest_route=\/wp\/v2\/types\/post"}],"author":[{"embeddable":true,"href":"https:\/\/arroyitoonline.com.ar\/index.php?rest_route=\/wp\/v2\/users\/3"}],"replies":[{"embeddable":true,"href":"https:\/\/arroyitoonline.com.ar\/index.php?rest_route=%2Fwp%2Fv2%2Fcomments&post=5733"}],"version-history":[{"count":1,"href":"https:\/\/arroyitoonline.com.ar\/index.php?rest_route=\/wp\/v2\/posts\/5733\/revisions"}],"predecessor-version":[{"id":5736,"href":"https:\/\/arroyitoonline.com.ar\/index.php?rest_route=\/wp\/v2\/posts\/5733\/revisions\/5736"}],"wp:featuredmedia":[{"embeddable":true,"href":"https:\/\/arroyitoonline.com.ar\/index.php?rest_route=\/wp\/v2\/media\/5735"}],"wp:attachment":[{"href":"https:\/\/arroyitoonline.com.ar\/index.php?rest_route=%2Fwp%2Fv2%2Fmedia&parent=5733"}],"wp:term":[{"taxonomy":"category","embeddable":true,"href":"https:\/\/arroyitoonline.com.ar\/index.php?rest_route=%2Fwp%2Fv2%2Fcategories&post=5733"},{"taxonomy":"post_tag","embeddable":true,"href":"https:\/\/arroyitoonline.com.ar\/index.php?rest_route=%2Fwp%2Fv2%2Ftags&post=5733"}],"curies":[{"name":"wp","href":"https:\/\/api.w.org\/{rel}","templated":true}]}}