{"id":5737,"date":"2019-09-16T17:46:38","date_gmt":"2019-09-16T17:46:38","guid":{"rendered":"https:\/\/arroyitoonline.com.ar\/?p=5737"},"modified":"2019-09-16T17:52:34","modified_gmt":"2019-09-16T17:52:34","slug":"se-incendio-un-fiat-regata-que-llevaba-ocho-meses-estacionado-en-el-mismo-lugar","status":"publish","type":"post","link":"https:\/\/arroyitoonline.com.ar\/?p=5737","title":{"rendered":"Se incendi\u00f3 un Fiat Regata que llevaba ocho meses estacionado en el mismo lugar"},"content":{"rendered":"\n<p><strong>Dos m\u00f3viles de Bomberos Voluntarios extinguieron el foco \u00edgneo y la Polic\u00eda entrevist\u00f3 a vecinos, quienes desconocen al propietario del auto.<\/strong><\/p>\n\n\n\n<p>El domingo a la 1:00 AM, sobre Av. Marcelino Bernardi al 1100, uniformados constataron que un Fiat Regata de color blanco se incendiaba casi en su totalidad.<\/p>\n\n\n\n<p>En el\nlugar se hicieron presentes dos dotaciones de Bomberos, en los M\u00f3viles 22 y 25,\na cargo del Crio. Inspector BV Alejandro Sam Sam, que extinguieron el foco\n\u00edgneo. <\/p>\n\n\n\n<p>A continuaci\u00f3n, la Polic\u00eda realiz\u00f3 un per\u00edmetro de 100 metros debido a que el auto pose\u00eda tubo de gas y para la comodidad de los voluntarios.<\/p>\n\n\n\n<figure><iframe loading=\"lazy\" src=\"https:\/\/www.facebook.com\/plugins\/post.php?href=https%3A%2F%2Fwww.facebook.com%2Fbomberosarroyito%2Fposts%2F2395573330538493&amp;width=500\" width=\"500\" height=\"745\"><\/iframe><\/figure>\n\n\n\n<p>Adem\u00e1s entrevistaron a los vecinos manifestando que este veh\u00edculo se encontraba en esa vereda desde hac\u00eda ocho meses (desconociendo su propietario).<\/p>\n\n\n\n<p>Por \u00faltimo se hizo entrega del procedimiento en la unidad judicial local.  <\/p>\n\n\n\n<p>Fuentes: informe del comisario Insp. Pablo Berardo, jefe Zona de Inspecci\u00f3n N\u00b0 4 y Facebook Asociaci\u00f3n Bomberos Voluntarios Arroyito. <\/p>\n","protected":false},"excerpt":{"rendered":"<p>Dos m\u00f3viles de Bomberos Voluntarios extinguieron el foco \u00edgneo y la Polic\u00eda entrevist\u00f3 a vecinos, quienes desconocen al propietario del&hellip;<\/p>\n","protected":false},"author":3,"featured_media":5738,"comment_status":"closed","ping_status":"open","sticky":false,"template":"","format":"standard","meta":{"footnotes":""},"categories":[824],"tags":[66,67,836,127,128,129,572,635,637,638,825],"class_list":["post-5737","post","type-post","status-publish","format-standard","has-post-thumbnail","hentry","category-policiales-online","tag-arroyito","tag-arroyito-cordoba","tag-arroyito-online","tag-bomberos-arroyito","tag-bomberos-de-arroyito","tag-bomberos-voluntarios","tag-noticias-de-arroyito-y-zona","tag-policia","tag-policiales","tag-policiales-arroyito","tag-policiales-online"],"_links":{"self":[{"href":"https:\/\/arroyitoonline.com.ar\/index.php?rest_route=\/wp\/v2\/posts\/5737","targetHints":{"allow":["GET"]}}],"collection":[{"href":"https:\/\/arroyitoonline.com.ar\/index.php?rest_route=\/wp\/v2\/posts"}],"about":[{"href":"https:\/\/arroyitoonline.com.ar\/index.php?rest_route=\/wp\/v2\/types\/post"}],"author":[{"embeddable":true,"href":"https:\/\/arroyitoonline.com.ar\/index.php?rest_route=\/wp\/v2\/users\/3"}],"replies":[{"embeddable":true,"href":"https:\/\/arroyitoonline.com.ar\/index.php?rest_route=%2Fwp%2Fv2%2Fcomments&post=5737"}],"version-history":[{"count":1,"href":"https:\/\/arroyitoonline.com.ar\/index.php?rest_route=\/wp\/v2\/posts\/5737\/revisions"}],"predecessor-version":[{"id":5739,"href":"https:\/\/arroyitoonline.com.ar\/index.php?rest_route=\/wp\/v2\/posts\/5737\/revisions\/5739"}],"wp:featuredmedia":[{"embeddable":true,"href":"https:\/\/arroyitoonline.com.ar\/index.php?rest_route=\/wp\/v2\/media\/5738"}],"wp:attachment":[{"href":"https:\/\/arroyitoonline.com.ar\/index.php?rest_route=%2Fwp%2Fv2%2Fmedia&parent=5737"}],"wp:term":[{"taxonomy":"category","embeddable":true,"href":"https:\/\/arroyitoonline.com.ar\/index.php?rest_route=%2Fwp%2Fv2%2Fcategories&post=5737"},{"taxonomy":"post_tag","embeddable":true,"href":"https:\/\/arroyitoonline.com.ar\/index.php?rest_route=%2Fwp%2Fv2%2Ftags&post=5737"}],"curies":[{"name":"wp","href":"https:\/\/api.w.org\/{rel}","templated":true}]}}